{"id":51441,"date":"2026-01-20T23:48:05","date_gmt":"2026-01-20T23:48:05","guid":{"rendered":"https:\/\/haberbesiktas.tr\/?p=51441"},"modified":"2026-01-20T23:48:05","modified_gmt":"2026-01-20T23:48:05","slug":"diego-simeoneden-galatasaray-itirafi","status":"publish","type":"post","link":"https:\/\/haberbesiktas.tr\/?p=51441","title":{"rendered":"Diego Simeone&#8217;den Galatasaray itiraf\u0131!"},"content":{"rendered":"<div>\n<p>UEFA \u015eampiyonlar Ligi&#8217;nin 7. haftas\u0131nda 21 Ocak \u00c7ar\u015famba g\u00fcn\u00fc Galatasaray&#8217;a konuk olacak \u0130spanya tak\u0131m\u0131 Atletico Madrid&#8217;in teknik y\u00f6neticisi Diego Simeone, sar\u0131-k\u0131rm\u0131z\u0131l\u0131 ekibin \u00e7ok uygun futbolculara sahip oldu\u011funu belirtti.<\/p>\n<p> Diego Simeone ve oyunculardan Alexander S\u00f6rloth, ma\u00e7\u0131n oynanaca\u011f\u0131 RAMS Park&#8217;ta bas\u0131n mensuplar\u0131na a\u00e7\u0131klamalarda bulundu.<\/p>\n<p> <strong>&#8220;ZOR B\u0130R MA\u00c7 OLACAK&#8221;<\/strong> <\/p>\n<p> UEFA \u015eampiyonlar Ligi&#8217;nde son oynad\u0131klar\u0131 PSV ma\u00e7\u0131na de\u011finen Simeone, <strong>&#8220;B\u00fct\u00fcn ma\u00e7lar t\u0131pk\u0131 de\u011fildir. PSV, uygun bir an\u0131ndayd\u0131. Galatasaray, kendi konutunda ma\u00e7 oynayacak. \u00c7ok yeterli gayret etmeliyiz. S\u0131k\u0131nt\u0131 bir ma\u00e7 olacak. \u00c7ok \u00e2l\u00e2 oyuncular\u0131 var. S\u00fcratli futbolculara sahipler. Orta alandan olu\u015fturulan ataklar de\u011ferli. Lucas Torreira \u00fczere bir oyuncuya sahipler. \u00c7ok m\u00fccadeleci bir ekip bizi bekliyor.&#8221;<\/strong> s\u00f6zlerini kulland\u0131.<\/p>\n<p> <strong>&#8220;BERABERL\u0130K \u0130\u015e\u0130M\u0130ZE YARAMAZ&#8221;\u00a0<\/strong><\/p>\n<p> \u015eampiyonlar Ligi&#8217;nde birinci 8&#8217;e girmeyi hedeflediklerini aktaran Arjantinli teknik adam, <strong>&#8220;Beraberlik bizim i\u015fimize yaramaz. Bu ma\u00e7\u0131 katiyen kazanmal\u0131y\u0131z.&#8221;<\/strong> dedi.<\/p>\n<p> <strong>SORLOTH \u0130\u00c7\u0130N A\u00c7IKLAMA<\/strong><\/p>\n<p> Norve\u00e7li golc\u00fc Alexander S\u00f6rloth&#8217;un performans\u0131n\u0131 pahaland\u0131ran 55 ya\u015f\u0131ndaki teknik adam, <strong>&#8220;Hava toplar\u0131nda yeterli. Gol konumlar\u0131na girme noktas\u0131nda me\u015fakkati yok. Ge\u00e7en de \u00e7ok ho\u015f gol att\u0131. \u00c7al\u0131\u015fmas\u0131ndan mutluyum. \u00c7ok \u00e2l\u00e2 bir devir ge\u00e7iriyor. Yar\u0131n ondan gol katk\u0131s\u0131 bekleyece\u011fiz.&#8221;<\/strong> bi\u00e7iminde g\u00f6r\u00fc\u015f belirtti.<\/p>\n<p> <strong>&#8220;MEVCUT TAKIMIMIZA G\u00dcVEN\u0130YORUZ&#8221;<\/strong><\/p>\n<p> Simeone, kul\u00fcb\u00fcn yeni transferler i\u00e7in \u00e7al\u0131\u015fmalar\u0131n\u0131 s\u00fcrd\u00fcrd\u00fc\u011f\u00fcn\u00fc belirtti.<\/p>\n<p> Oyuncular\u0131na g\u00fcvendi\u011fini aktaran Arjantinli teknik adam, <strong>&#8220;Mevcut tak\u0131m\u0131m\u0131za g\u00fcveniyoruz. Mevcut tak\u0131m\u0131m\u0131zla \u00f6n\u00fcm\u00fczdeki ma\u00e7larda gerekeni yapaca\u011f\u0131z. Kul\u00fcb\u00fcm\u00fcz, yeni oyuncular\u0131n transferi i\u00e7in gerekli \u00e7al\u0131\u015fmalar\u0131 yap\u0131yor. Biz de elimizdeki oyuncular\u0131 kullanaca\u011f\u0131z.&#8221;<\/strong> diye konu\u015ftu.<\/p>\n<p> UEFA \u015eampiyonlar Ligi&#8217;nin zorlu\u011funa de\u011finen Simeone, <strong>&#8220;Daha fazlas\u0131 her vakit yap\u0131labilir. \u015eampiyonlar Ligi, \u00e7ok b\u00fcy\u00fck kadrolar\u0131 i\u00e7erisinde bulunduruyor. Hepsi de birinci 8&#8217;e girmek istiyor. Bu durum kolay de\u011fil. Her grup, kazanmaya \u00e7al\u0131\u015f\u0131yor. Birinci 8&#8217;de yer almak kolay de\u011fil.&#8221;<\/strong> de\u011ferlendirmesini yapt\u0131.<\/p>\n<p><strong>RAMS PARK ATMOSFER\u0760<\/strong><\/p>\n<p> Galatasaray&#8217;\u0131n stat atmosferine de\u011finen deneyimli \u00e7al\u0131\u015ft\u0131r\u0131c\u0131,<strong> &#8220;Son devirde TV&#8217;de \u00e7ok ma\u00e7 izledim. Galatasaray&#8217;\u0131n stad\u0131ndaki atmosfer, g\u00fc\u00e7, insanlar\u0131n g\u00fcc\u00fc. Kent de t\u0131pk\u0131 bi\u00e7imde. Futbol tutkusu \u00e7ok y\u00fcksek. Bu da futbolun en ho\u015f yan\u0131.&#8221;<\/strong> s\u00f6zlerini kulland\u0131.<\/p>\n<\/div>\n","protected":false},"excerpt":{"rendered":"<p>Atletico Madrid Teknik Y\u00f6neticisi Diego Simeone, Galatasaray ma\u00e7\u0131 \u00f6ncesi d\u00fczenlenen bas\u0131n toplant\u0131s\u0131nda konu\u015ftu.<\/p>\n","protected":false},"author":1,"featured_media":51442,"comment_status":"open","ping_status":"open","sticky":false,"template":"","format":"standard","meta":{"footnotes":""},"categories":[25],"tags":[50,2951,3631],"class_list":["post-51441","post","type-post","status-publish","format-standard","has-post-thumbnail","hentry","category-futbol","tag-mac","tag-sampiyonlar","tag-simeone"],"_links":{"self":[{"href":"https:\/\/haberbesiktas.tr\/index.php?rest_route=\/wp\/v2\/posts\/51441","targetHints":{"allow":["GET"]}}],"collection":[{"href":"https:\/\/haberbesiktas.tr\/index.php?rest_route=\/wp\/v2\/posts"}],"about":[{"href":"https:\/\/haberbesiktas.tr\/index.php?rest_route=\/wp\/v2\/types\/post"}],"author":[{"embeddable":true,"href":"https:\/\/haberbesiktas.tr\/index.php?rest_route=\/wp\/v2\/users\/1"}],"replies":[{"embeddable":true,"href":"https:\/\/haberbesiktas.tr\/index.php?rest_route=%2Fwp%2Fv2%2Fcomments&post=51441"}],"version-history":[{"count":1,"href":"https:\/\/haberbesiktas.tr\/index.php?rest_route=\/wp\/v2\/posts\/51441\/revisions"}],"predecessor-version":[{"id":51443,"href":"https:\/\/haberbesiktas.tr\/index.php?rest_route=\/wp\/v2\/posts\/51441\/revisions\/51443"}],"wp:featuredmedia":[{"embeddable":true,"href":"https:\/\/haberbesiktas.tr\/index.php?rest_route=\/wp\/v2\/media\/51442"}],"wp:attachment":[{"href":"https:\/\/haberbesiktas.tr\/index.php?rest_route=%2Fwp%2Fv2%2Fmedia&parent=51441"}],"wp:term":[{"taxonomy":"category","embeddable":true,"href":"https:\/\/haberbesiktas.tr\/index.php?rest_route=%2Fwp%2Fv2%2Fcategories&post=51441"},{"taxonomy":"post_tag","embeddable":true,"href":"https:\/\/haberbesiktas.tr\/index.php?rest_route=%2Fwp%2Fv2%2Ftags&post=51441"}],"curies":[{"name":"wp","href":"https:\/\/api.w.org\/{rel}","templated":true}]}}