{"id":5146,"date":"2025-01-21T03:35:57","date_gmt":"2025-01-21T03:35:57","guid":{"rendered":"https:\/\/haberbesiktas.tr\/?p=5146"},"modified":"2025-01-21T03:35:57","modified_gmt":"2025-01-21T03:35:57","slug":"besiktasta-cok-yonlu-forvet-jonas-wind","status":"publish","type":"post","link":"https:\/\/haberbesiktas.tr\/?p=5146","title":{"rendered":"Be\u015fikta\u015f&#8217;ta \u00e7ok y\u00f6nl\u00fc forvet: &#8216;Jonas Wind&#8217;"},"content":{"rendered":"<div>\n<p>S\u00fcper Lig&#8217;de istedi\u011fi sonu\u00e7lar\u0131 alamayan Be\u015fikta\u015f&#8217;ta transfer \u00e7al\u0131\u015fmalar\u0131 t\u00fcm s\u00fcratiyle devam ediyor.\u00a0<\/p>\n<p> Ciro \u0130mmobile&#8217;nin yan\u0131na golc\u00fc transferi yapmak isteyen Be\u015fikta\u015f&#8217;\u0131n g\u00fcndemine gelen son isim Wolfsburg&#8217;un golc\u00fcs\u00fc <strong>Jonas Wind<\/strong> oldu.<\/p>\n<p> <strong>7 M\u0130LYON EURO G\u00d6ZDEN \u00c7IKARTILDI<\/strong><\/p>\n<p> Siyah-beyazl\u0131lar\u0131n yaz transfer devrinde de uzun ara\u015ft\u0131rmalar yapt\u0131\u011f\u0131 futbolcu i\u00e7in 7 milyon Euro&#8217;yu g\u00f6zden \u00e7\u0131kard\u0131\u011f\u0131 arg\u00fcman edildi.<\/p>\n<p> <strong>\u00c7OK TARAFLI FORVET<\/strong><\/p>\n<p> 24 ya\u015f\u0131ndaki Danimarkal\u0131 santrfor g\u00fc\u00e7l\u00fc fizi\u011fi ile dikkat \u00e7ekerken, forvet ard\u0131 ve sol kanat oyuncusu olarak da vazife yapabiliyor. 1,90&#8217;luk y\u0131ld\u0131z oyuncu sa\u011f aya\u011f\u0131n\u0131 uygun kullan\u0131yor.\u00a0<\/p>\n<p> T\u00fcrkiye Kupas\u0131 ve Avrupa&#8217;da ba\u015far\u0131l\u0131 olmak isteyen Be\u015fikta\u015f \u0130mmobile&#8217;nin yan\u0131na g\u00fc\u00e7l\u00fc bir alternatif alarak \u0130talyan oyuncunun y\u00fck\u00fcn\u00fc hafifletmeyi planl\u0131yor. Wind ile bilhassa \u0130ngiliz kul\u00fcplerinin yak\u0131ndan ilgilendi\u011fi ve Be\u015fikta\u015f&#8217;\u0131n daha \u00e7abuk davranmas\u0131 gerekti\u011fi belirtildi.<\/p>\n<p> <strong>PERFORMANSI<\/strong><\/p>\n<p> Kopenhag&#8217;\u0131n altyap\u0131s\u0131nda yeti\u015fen Wind, bu d\u00f6nem Wolfsburg formas\u0131 ile 14 lig ma\u00e7\u0131nda 6 gol, 1 asistlik performans sergiledi.<\/p>\n<\/div>\n","protected":false},"excerpt":{"rendered":"<p>Be\u015fikta\u015f, Wolfsburg&#8217;da forma giyen Danimarkal\u0131 forvet Jonas Wind&#8217;i listesine ekledi.<\/p>\n","protected":false},"author":1,"featured_media":5147,"comment_status":"open","ping_status":"open","sticky":false,"template":"","format":"standard","meta":{"footnotes":""},"categories":[25],"tags":[],"class_list":["post-5146","post","type-post","status-publish","format-standard","has-post-thumbnail","hentry","category-futbol"],"_links":{"self":[{"href":"https:\/\/haberbesiktas.tr\/index.php?rest_route=\/wp\/v2\/posts\/5146","targetHints":{"allow":["GET"]}}],"collection":[{"href":"https:\/\/haberbesiktas.tr\/index.php?rest_route=\/wp\/v2\/posts"}],"about":[{"href":"https:\/\/haberbesiktas.tr\/index.php?rest_route=\/wp\/v2\/types\/post"}],"author":[{"embeddable":true,"href":"https:\/\/haberbesiktas.tr\/index.php?rest_route=\/wp\/v2\/users\/1"}],"replies":[{"embeddable":true,"href":"https:\/\/haberbesiktas.tr\/index.php?rest_route=%2Fwp%2Fv2%2Fcomments&post=5146"}],"version-history":[{"count":1,"href":"https:\/\/haberbesiktas.tr\/index.php?rest_route=\/wp\/v2\/posts\/5146\/revisions"}],"predecessor-version":[{"id":5148,"href":"https:\/\/haberbesiktas.tr\/index.php?rest_route=\/wp\/v2\/posts\/5146\/revisions\/5148"}],"wp:featuredmedia":[{"embeddable":true,"href":"https:\/\/haberbesiktas.tr\/index.php?rest_route=\/wp\/v2\/media\/5147"}],"wp:attachment":[{"href":"https:\/\/haberbesiktas.tr\/index.php?rest_route=%2Fwp%2Fv2%2Fmedia&parent=5146"}],"wp:term":[{"taxonomy":"category","embeddable":true,"href":"https:\/\/haberbesiktas.tr\/index.php?rest_route=%2Fwp%2Fv2%2Fcategories&post=5146"},{"taxonomy":"post_tag","embeddable":true,"href":"https:\/\/haberbesiktas.tr\/index.php?rest_route=%2Fwp%2Fv2%2Ftags&post=5146"}],"curies":[{"name":"wp","href":"https:\/\/api.w.org\/{rel}","templated":true}]}}