{"id":51490,"date":"2026-01-21T03:00:05","date_gmt":"2026-01-21T03:00:05","guid":{"rendered":"https:\/\/haberbesiktas.tr\/?p=51490"},"modified":"2026-01-21T03:00:05","modified_gmt":"2026-01-21T03:00:05","slug":"pep-guardioladan-galatasaray-maci-icin-aciklama","status":"publish","type":"post","link":"https:\/\/haberbesiktas.tr\/?p=51490","title":{"rendered":"Pep Guardiola&#8217;dan Galatasaray ma\u00e7\u0131 i\u00e7in a\u00e7\u0131klama!"},"content":{"rendered":"<div>\n<p>UEFA \u015eampiyonlar Ligi&#8217;nde Manchester City, deplasmanda Bodo\/Glimt&#8217;e 3-1 ma\u011flup olarak b\u00fcy\u00fck bir s\u00fcrprize imza att\u0131. M\u00fcsabakan\u0131n akabinde teknik y\u00f6netici Pep Guardiola a\u00e7\u0131klamalarda bulundu.<\/p>\n<p><strong>&#8220;ONLARIN NE KADAR YETERL\u0130 B\u0130R EK\u0130P OLDU\u011eUNU B\u0130L\u0130YORUM&#8221;<\/strong><\/p>\n<p> \u00a0 <\/p>\n<p> <strong>&#8220;Kaybettik ve yeni y\u0131ldan bu yana pek \u00e7ok \u015fey bize kar\u015f\u0131 mak\u00fbs gidiyor&#8221;<\/strong> diyen Guardiola, <strong>&#8220;Onlar\u0131n ne kadar \u00e2l\u00e2 bir grup oldu\u011funu biliyorum, hafife al\u0131nmamal\u0131lar. Ge\u00e7en d\u00f6nem Avrupa Ligi&#8217;nde yar\u0131 finale \u00e7\u0131kt\u0131lar, bu \u00f6zg\u00fcven h\u00e2l\u00e2 taze&#8221;<\/strong> tabirlerini kulland\u0131.\u00a0<\/p>\n<p> <strong>&#8220;BAZI B\u00d6LGELERDE EKS\u0130KLER\u0130M\u0130Z VARDI&#8221;<\/strong><\/p>\n<p> Guardiola, tak\u0131mdaki eksiklerin oyunu etkiledi\u011fini belirterek \u015funlar\u0131 s\u00f6yledi:<\/p>\n<p> <strong>&#8220;Baz\u0131 b\u00f6lgelerde de\u011ferli oyuncular\u0131m\u0131z yoktu. Alanda olanlar ise t\u0131pk\u0131 ge\u00e7en d\u00f6nemin muhakkak bir periyodunda oldu\u011fu \u00fczere biraz k\u0131r\u0131lgand\u0131. Buna kar\u015f\u0131n 10 ki\u015fi kald\u0131\u011f\u0131m\u0131z anda bile nas\u0131l u\u011fra\u015f ettiklerini g\u00f6rd\u00fcm. Bir\u00e7ok oyuncu sorumluluk ald\u0131.&#8221;<\/strong><\/p>\n<p> <strong>&#8220;G.SARAY MA\u00c7I \u00d6NCES\u0130 D\u0130NAM\u0130\u011e\u0130 DE\u011e\u0130\u015eT\u0130RMEL\u0130Y\u0130Z&#8221;<\/strong><\/p>\n<p> Guardiola, \u00f6nlerindeki ma\u00e7lara dikkat \u00e7ekerek daha fazlas\u0131n\u0131 bekledi\u011fini lisana getirdi:<\/p>\n<p> <strong>&#8220;Cumartesi Wolves, akabinde Galatasaray ile oynayaca\u011f\u0131z. Bu ma\u00e7lar \u00f6ncesinde dinami\u011fi de\u011fi\u015ftirmemiz gerekiyor. United kar\u015f\u0131s\u0131nda s\u00f6n\u00fckt\u00fck lakin bug\u00fcn o denli de\u011fildik.&#8221;<\/strong><\/p>\n<p> <strong>&#8220;ONLARI TEBR\u0130K ED\u0130YORUZ&#8221;<\/strong><\/p>\n<p> Kanatlarda ya\u015fanan eksiklere de de\u011finen \u0130spanyol \u00e7al\u0131\u015ft\u0131r\u0131c\u0131, <strong>&#8220;Savinho ve Jeremy Doku yoktu. Kimi b\u00f6lgelerde eksik oyuncular\u0131m\u0131z var, onlar olsa daha fazla istikrar sa\u011flard\u0131k. Biraz zorland\u0131k lakin Bodo\/Glimt nitekim \u00e7ok uygundu. Onlar\u0131 tebrik ediyoruz&#8221;<\/strong> diyerek kelamlar\u0131n\u0131 tamamlad\u0131.<\/p>\n<\/div>\n","protected":false},"excerpt":{"rendered":"<p>Manchester City Teknik Y\u00f6neticisi Pep Guardiola, Bodo Glimt ma\u00e7\u0131n\u0131n akabinde a\u00e7\u0131klamalarda bulundu.<\/p>\n","protected":false},"author":1,"featured_media":51491,"comment_status":"open","ping_status":"open","sticky":false,"template":"","format":"standard","meta":{"footnotes":""},"categories":[25],"tags":[362],"class_list":["post-51490","post","type-post","status-publish","format-standard","has-post-thumbnail","hentry","category-futbol","tag-onlar"],"_links":{"self":[{"href":"https:\/\/haberbesiktas.tr\/index.php?rest_route=\/wp\/v2\/posts\/51490","targetHints":{"allow":["GET"]}}],"collection":[{"href":"https:\/\/haberbesiktas.tr\/index.php?rest_route=\/wp\/v2\/posts"}],"about":[{"href":"https:\/\/haberbesiktas.tr\/index.php?rest_route=\/wp\/v2\/types\/post"}],"author":[{"embeddable":true,"href":"https:\/\/haberbesiktas.tr\/index.php?rest_route=\/wp\/v2\/users\/1"}],"replies":[{"embeddable":true,"href":"https:\/\/haberbesiktas.tr\/index.php?rest_route=%2Fwp%2Fv2%2Fcomments&post=51490"}],"version-history":[{"count":1,"href":"https:\/\/haberbesiktas.tr\/index.php?rest_route=\/wp\/v2\/posts\/51490\/revisions"}],"predecessor-version":[{"id":51492,"href":"https:\/\/haberbesiktas.tr\/index.php?rest_route=\/wp\/v2\/posts\/51490\/revisions\/51492"}],"wp:featuredmedia":[{"embeddable":true,"href":"https:\/\/haberbesiktas.tr\/index.php?rest_route=\/wp\/v2\/media\/51491"}],"wp:attachment":[{"href":"https:\/\/haberbesiktas.tr\/index.php?rest_route=%2Fwp%2Fv2%2Fmedia&parent=51490"}],"wp:term":[{"taxonomy":"category","embeddable":true,"href":"https:\/\/haberbesiktas.tr\/index.php?rest_route=%2Fwp%2Fv2%2Fcategories&post=51490"},{"taxonomy":"post_tag","embeddable":true,"href":"https:\/\/haberbesiktas.tr\/index.php?rest_route=%2Fwp%2Fv2%2Ftags&post=51490"}],"curies":[{"name":"wp","href":"https:\/\/api.w.org\/{rel}","templated":true}]}}