{"id":51591,"date":"2026-01-21T09:24:07","date_gmt":"2026-01-21T09:24:07","guid":{"rendered":"https:\/\/haberbesiktas.tr\/?p=51591"},"modified":"2026-01-21T09:24:07","modified_gmt":"2026-01-21T09:24:07","slug":"trabzonspordan-yerli-atagi","status":"publish","type":"post","link":"https:\/\/haberbesiktas.tr\/?p=51591","title":{"rendered":"Trabzonspor&#8217;dan yerli ata\u011f\u0131"},"content":{"rendered":"<div>Trabzonspor \u015fu ana kadar tak\u0131m\u0131na katt\u0131\u011f\u0131 Chibuike Nwaiwu ile Mathias Lovik d\u0131\u015f\u0131nda tekrar forvet \u00e7izgisine ve sol kanada da yabanc\u0131 oyuncu bak\u0131yor.<\/p>\n<p> Lakin gruptan resmi olarak ayr\u0131lmayan Danylo Sikan ve transferi \u015fimdi a\u00e7\u0131klanmayan Lovik dahil olmak \u00fczere 17 yabanc\u0131 var. Bu nedenle d\u00f6nemi kapatan Edin Vi\u015f\u00e7a&#8217;n\u0131n kontrat\u0131n\u0131 ask\u0131ya alacak. Sikan&#8217;\u0131 Anderlecht&#8217;e g\u00f6nderecek.<\/p>\n<p> Fakat yeniden de kontenjanda yeteri kadar yer a\u00e7amayan Trabzonspor, \u00f6nemli bir tahlil aray\u0131\u015f\u0131 i\u00e7erisine girdi. <\/p>\n<p> <strong>YERL\u0130 ATA\u011eI<\/strong><\/p>\n<p> Bordo-Mavililer daha evvel de g\u00fcndemine gelen Fenerbah\u00e7e&#8217;den O\u011fuz Ayd\u0131n, Galatasaray&#8217;dan Ahmed Kutucu ve Hacken&#8217;den Silas Sinan Andersen i\u00e7in son kere te\u015febb\u00fcs yapacak.<\/p>\n<p> <strong>O\u011eUZ AYDIN VE AHMED KUTUCU \u0130\u00c7\u0130N SON B\u0130R G\u00d6R\u00dc\u015eME<\/strong><\/p>\n<p> Trabzonspor&#8217;un O\u011fuz ve Ahmed&#8217;i kiralamay\u0131 d\u00fc\u015f\u00fcnd\u00fc\u011f\u00fc ve kul\u00fcpleriyle bu do\u011frultuda son bir g\u00f6r\u00fc\u015fme daha yaparak olumlu ya da olumsuz olmak \u00fczere bu transferlerle ilgili s\u00fcreci sonu\u00e7land\u0131raca\u011f\u0131 \u00f6\u011frenildi.<\/p>\n<p> O\u011fuz&#8217;un Fenerbah\u00e7e&#8217;de ger\u00e7ekle\u015fen transferlerden sonra m\u00fchlet alma talihinin hayli zorla\u015fmas\u0131, Ahmed&#8217;in ise Galatasaray&#8217;da forma istikrar\u0131 yakalayamamas\u0131 nedeniyle ayr\u0131l\u0131k ihtimalleri epey g\u00fc\u00e7l\u00fc.<\/p>\n<p> <strong>S\u0130NAN ANDERSEN SICAK BAKIYOR LAK\u0130N&#8230;<\/strong><\/p>\n<p> \u0130sve\u00e7 tak\u0131m\u0131 Hacken&#8217;de forma giyen gen\u00e7 \u00f6n libero Silas Sinan Andersen&#8217;in ise Trabzonspor&#8217;a gelmeye s\u0131cak bakt\u0131\u011f\u0131 ancak kul\u00fcb\u00fcn\u00fcn istedi\u011fi y\u00fcksek bonservis nedeniyle \u015fu ana kadar transferde olumlu bir ilerleme sa\u011flanamad\u0131\u011f\u0131 \u00f6\u011frenildi.\u00a0\u00a0<\/p>\n<\/div>\n","protected":false},"excerpt":{"rendered":"<p>Trabzonspor; Fenerbah\u00e7e&#8217;den O\u011fuz Ayd\u0131n, Galatasaray&#8217;dan Ahmed Kutucu ve Hacken&#8217;de forma giyen Sinan Andersen&#8217;i tak\u0131m\u0131na katmak istiyor.<\/p>\n","protected":false},"author":1,"featured_media":51592,"comment_status":"open","ping_status":"open","sticky":false,"template":"","format":"standard","meta":{"footnotes":""},"categories":[25],"tags":[],"class_list":["post-51591","post","type-post","status-publish","format-standard","has-post-thumbnail","hentry","category-futbol"],"_links":{"self":[{"href":"https:\/\/haberbesiktas.tr\/index.php?rest_route=\/wp\/v2\/posts\/51591","targetHints":{"allow":["GET"]}}],"collection":[{"href":"https:\/\/haberbesiktas.tr\/index.php?rest_route=\/wp\/v2\/posts"}],"about":[{"href":"https:\/\/haberbesiktas.tr\/index.php?rest_route=\/wp\/v2\/types\/post"}],"author":[{"embeddable":true,"href":"https:\/\/haberbesiktas.tr\/index.php?rest_route=\/wp\/v2\/users\/1"}],"replies":[{"embeddable":true,"href":"https:\/\/haberbesiktas.tr\/index.php?rest_route=%2Fwp%2Fv2%2Fcomments&post=51591"}],"version-history":[{"count":1,"href":"https:\/\/haberbesiktas.tr\/index.php?rest_route=\/wp\/v2\/posts\/51591\/revisions"}],"predecessor-version":[{"id":51593,"href":"https:\/\/haberbesiktas.tr\/index.php?rest_route=\/wp\/v2\/posts\/51591\/revisions\/51593"}],"wp:featuredmedia":[{"embeddable":true,"href":"https:\/\/haberbesiktas.tr\/index.php?rest_route=\/wp\/v2\/media\/51592"}],"wp:attachment":[{"href":"https:\/\/haberbesiktas.tr\/index.php?rest_route=%2Fwp%2Fv2%2Fmedia&parent=51591"}],"wp:term":[{"taxonomy":"category","embeddable":true,"href":"https:\/\/haberbesiktas.tr\/index.php?rest_route=%2Fwp%2Fv2%2Fcategories&post=51591"},{"taxonomy":"post_tag","embeddable":true,"href":"https:\/\/haberbesiktas.tr\/index.php?rest_route=%2Fwp%2Fv2%2Ftags&post=51591"}],"curies":[{"name":"wp","href":"https:\/\/api.w.org\/{rel}","templated":true}]}}