{"id":51594,"date":"2026-01-21T09:36:04","date_gmt":"2026-01-21T09:36:04","guid":{"rendered":"https:\/\/haberbesiktas.tr\/?p=51594"},"modified":"2026-01-21T09:36:04","modified_gmt":"2026-01-21T09:36:04","slug":"ngolo-kante-icin-fenerbahceden-istenen-bonservis","status":"publish","type":"post","link":"https:\/\/haberbesiktas.tr\/?p=51594","title":{"rendered":"N&#8217;Golo Kante i\u00e7in Fenerbah\u00e7e&#8217;den istenen bonservis"},"content":{"rendered":"<div>Fenerbah\u00e7e, N&#8217;Golo Kante&#8217;yi orta transferde renklerine katmak istiyor lakin Frans\u0131z y\u0131ld\u0131za olan ilgi bunu zorla\u015ft\u0131r\u0131yor.<\/p>\n<p> Sar\u0131 lacivertli idare, iki sefer Arabistan&#8217;a \u00e7\u0131karma yapmas\u0131na kar\u015f\u0131n futbolcu ile el s\u0131k\u0131\u015fm\u0131\u015f lakin Al-\u0130ttihad&#8217;\u0131 ikna edememi\u015fti.<\/p>\n<p> <strong>FENERBAH\u00c7E VAZGE\u00c7M\u0130YOR!<\/strong> <\/p>\n<p> Fenerbah\u00e7e bu transferden vazge\u00e7mi\u015f de\u011fil. 6 \u015eubat&#8217;ta sona erecek orta transferin son g\u00fcn\u00fcne kadar kaideleri zorlayacak lakin i\u015fi hi\u00e7 de kolay g\u00f6r\u00fcnm\u00fcyor. Zira Arabistan temsilcisi, kontrat\u0131 30 Haziran 2026&#8217;da tamamlanacak 34 ya\u015f\u0131ndaki orta alan\u0131na olan ilgi nedeniyle elini g\u00fc\u00e7lendirmi\u015f durumda. <strong>&#8220;Kante&#8217;yi isteyen bonservisi \u00f6der&#8221;<\/strong> fikriyle hareket ediyor.<\/p>\n<p><strong>AL ITTIHAD&#8217;IN \u0130STED\u0130\u011e\u0130 PARA<\/strong><\/p>\n<p>\u00d6te yandan Matteo Moretto&#8217;nun haberine nazaran;\u00a0<span>Al Ittihad ile Fenerbah\u00e7e ortas\u0131nda N&#8217;Golo Kante transferi i\u00e7in temaslar s\u00fcrerken, bonservis bedelinde \u015fimdi uzla\u015fma sa\u011flanamad\u0131. Suudi kul\u00fcb\u00fcn\u00fcn Kante i\u00e7in 12\u201315 milyon euro talep etti\u011fi belirtildi.<\/span><\/p>\n<p> Fenerbah\u00e7e cephesi ise kontrat\u0131n\u0131n bitmesine yar\u0131m d\u00f6nem kalm\u0131\u015f oyuncuya y\u00fcksek bir bedel \u00f6deme taraftar\u0131 de\u011fil.<\/p>\n<p> <strong>EVERTON, WEST HAM DA DEVREDE,<\/strong><br \/><strong>FRANSIZLAR TEKL\u0130F HAZIRLIYOR!<\/strong><\/p>\n<p> Bu ortada Kante i\u00e7in Premier Lig&#8217;den Everton ve West Ham United devreye girmi\u015f durumda. Futbolcuya resmi ilgilerini ileten iki kul\u00fcb\u00fcn temsilcileri, bonservis konusunda rastgele bir sorun ya\u015fanmayaca\u011f\u0131n\u0131 oyuncu taraf\u0131na bildirdi. \u00d6n\u00fcm\u00fczdeki g\u00fcnlerde transfer yar\u0131\u015f\u0131n\u0131n daha da k\u0131z\u0131\u015fmas\u0131 bekleniyor. Ayr\u0131yeten Fransa Ligue 1&#8217;den birtak\u0131m kul\u00fcplerin de Kante i\u00e7in resmi teklif haz\u0131rl\u0131\u011f\u0131nda oldu\u011fu \u00f6\u011frenildi.<\/p>\n<p> <strong>KANTE&#8217;N\u0130N RAKAMLARI<\/strong><\/p>\n<p>Bu d\u00f6nem 23 ma\u00e7ta 2017 dakika vazife alan Kante 1 gol att\u0131. Frans\u0131z y\u0131ld\u0131z, M\u00fcsabakalar\u0131n tamam\u0131na 11&#8217;de ba\u015flad\u0131. Al-\u0130ttihad mesle\u011finde ise 102 ma\u00e7a \u00e7\u0131kan Kante&#8217;nin 9 gol- 10 asisti var.\u00a0<\/p>\n<\/div>\n","protected":false},"excerpt":{"rendered":"<p>Al Ittihad ile Fenerbah\u00e7e ortas\u0131nda N&#8217;Golo Kante transferi i\u00e7in temaslar s\u00fcrerken, bonservis bedelinde \u015fimdi uzla\u015fma sa\u011flanamad\u0131. Suudi kul\u00fcb\u00fcn\u00fcn Kante i\u00e7in istedi\u011fi bonservis bedeli a\u015fik\u00e2r oldu.<\/p>\n","protected":false},"author":1,"featured_media":51595,"comment_status":"open","ping_status":"open","sticky":false,"template":"","format":"standard","meta":{"footnotes":""},"categories":[25],"tags":[115,3749,48],"class_list":["post-51594","post","type-post","status-publish","format-standard","has-post-thumbnail","hentry","category-futbol","tag-fenerbahce","tag-kante","tag-transfer"],"_links":{"self":[{"href":"https:\/\/haberbesiktas.tr\/index.php?rest_route=\/wp\/v2\/posts\/51594","targetHints":{"allow":["GET"]}}],"collection":[{"href":"https:\/\/haberbesiktas.tr\/index.php?rest_route=\/wp\/v2\/posts"}],"about":[{"href":"https:\/\/haberbesiktas.tr\/index.php?rest_route=\/wp\/v2\/types\/post"}],"author":[{"embeddable":true,"href":"https:\/\/haberbesiktas.tr\/index.php?rest_route=\/wp\/v2\/users\/1"}],"replies":[{"embeddable":true,"href":"https:\/\/haberbesiktas.tr\/index.php?rest_route=%2Fwp%2Fv2%2Fcomments&post=51594"}],"version-history":[{"count":1,"href":"https:\/\/haberbesiktas.tr\/index.php?rest_route=\/wp\/v2\/posts\/51594\/revisions"}],"predecessor-version":[{"id":51596,"href":"https:\/\/haberbesiktas.tr\/index.php?rest_route=\/wp\/v2\/posts\/51594\/revisions\/51596"}],"wp:featuredmedia":[{"embeddable":true,"href":"https:\/\/haberbesiktas.tr\/index.php?rest_route=\/wp\/v2\/media\/51595"}],"wp:attachment":[{"href":"https:\/\/haberbesiktas.tr\/index.php?rest_route=%2Fwp%2Fv2%2Fmedia&parent=51594"}],"wp:term":[{"taxonomy":"category","embeddable":true,"href":"https:\/\/haberbesiktas.tr\/index.php?rest_route=%2Fwp%2Fv2%2Fcategories&post=51594"},{"taxonomy":"post_tag","embeddable":true,"href":"https:\/\/haberbesiktas.tr\/index.php?rest_route=%2Fwp%2Fv2%2Ftags&post=51594"}],"curies":[{"name":"wp","href":"https:\/\/api.w.org\/{rel}","templated":true}]}}