{"id":51630,"date":"2026-01-21T12:00:04","date_gmt":"2026-01-21T12:00:04","guid":{"rendered":"https:\/\/haberbesiktas.tr\/?p=51630"},"modified":"2026-01-21T12:00:04","modified_gmt":"2026-01-21T12:00:04","slug":"dunleavy-jr-jimmy-butler-soylentilerine-son-noktayi-koydu","status":"publish","type":"post","link":"https:\/\/haberbesiktas.tr\/?p=51630","title":{"rendered":"Dunleavy Jr., Jimmy Butler s\u00f6ylentilerine son noktay\u0131 koydu"},"content":{"rendered":"<div>Golden State Warriors genel menajeri Mike Dunleavy Jr., kamuoyunda dola\u015fan s\u00f6ylentilerin bilakis, Jimmy Butler&#8217;\u0131n takas edilmesinin g\u00fcndemde olmad\u0131\u011f\u0131n\u0131 net bir lisanla s\u00f6z etti.<\/p>\n<p> Dunleavy, Butler&#8217;\u0131n sa\u011f dizindeki \u00f6n \u00e7apraz ba\u011f (ACL) y\u0131rt\u0131\u011f\u0131 nedeniyle 2025-26 d\u00f6neminin tamam\u0131nda alanlardan uzak kalacak olmas\u0131na kar\u015f\u0131n, kul\u00fcb\u00fcn y\u0131ld\u0131z oyuncuyu takas etmeyi d\u00fc\u015f\u00fcnmedi\u011fini belirtti.<\/p>\n<p> Sal\u0131 g\u00fcn\u00fc bas\u0131n mensuplar\u0131na konu\u015fan Dunleavy, Butler&#8217;\u0131n gelece\u011fiyle ilgili \u015fu s\u00f6zleri kulland\u0131: <\/p>\n<p> <strong>&#8220;B\u00f6yle bir senaryo \u00f6ng\u00f6rm\u00fcyorum. A\u00e7\u0131k\u00e7as\u0131 benim vizyonum, ge\u00e7en d\u00f6nem kadroya kat\u0131ld\u0131\u011f\u0131nda yapt\u0131\u011f\u0131 etkiyi, gelecek d\u00f6nem da bize tekrar kazand\u0131rmas\u0131 taraf\u0131nda.&#8221;<\/strong><\/p>\n<p> <strong>&#8220;Sezonun bir noktas\u0131nda geri d\u00f6n\u00fcp, bildi\u011fimiz Jimmy Butler olmas\u0131. Ya\u015f\u0131 g\u00f6z \u00f6n\u00fcne al\u0131nd\u0131\u011f\u0131nda bu d\u00f6nem ve ge\u00e7ti\u011fimiz y\u0131l ortaya koyduklar\u0131 hakikaten etkileyici. Oyun \u00fcslubu; yetene\u011fi, fizik\u00ee g\u00fcc\u00fc ve oyun zek\u00e2s\u0131yla uzun y\u0131llar oynayabilecek bir yap\u0131ya sahip.&#8221;<\/strong><\/p>\n<p> <strong>&#8220;Benim i\u00e7in Butler&#8217;\u0131n, art\u0131k ile \u00f6n\u00fcm\u00fczdeki d\u00f6nem bu vakitler ortas\u0131nda bir noktada alanlara d\u00f6nmesi ana ama\u00e7.&#8221;<\/strong><\/p>\n<p> Butler, sa\u011f dizindeki ACL y\u0131rt\u0131\u011f\u0131 nedeniyle 2025-26 d\u00f6neminin geri kalan\u0131n\u0131 ka\u00e7\u0131racak ve ameliyat olacak.<\/p>\n<p> Sakatl\u0131\u011f\u0131na kar\u015f\u0131n Butler, Miami Heat&#8217;ten takasla geldi\u011fi ge\u00e7en d\u00f6nemin akabinde imzalad\u0131\u011f\u0131 iki y\u0131l, 110,96 milyon dolarl\u0131k mukavele kapsam\u0131nda Warriors&#8217;tan y\u00fcksek bir maa\u015f almaya devam edecek. Bu d\u00f6nem Butler&#8217;\u0131n \u00e7\u0131kar\u0131 54,1 milyon dolar olacak.<\/p>\n<p> Stephen Curry ve Draymond Green \u00f6nderli\u011findeki Warriors&#8217;\u0131n \u015fampiyonluk penceresinin yava\u015f yava\u015f kapanmas\u0131, Butler&#8217;\u0131n yoklu\u011funda grubun nas\u0131l bir yol izleyece\u011fine dair spek\u00fclasyonlar\u0131 art\u0131rm\u0131\u015ft\u0131. Fakat Dunleavy ve idare, \u00f6nceliklerini Butler&#8217;\u0131n tam manas\u0131yla s\u0131hhatine kavu\u015fmas\u0131 olarak belirledi.<\/p>\n<p> <strong>&#8220;Jimmy&#8217;nin morali yerinde,&#8221;<\/strong><br \/>diyen Dunleavy kelamlar\u0131n\u0131 \u015f\u00f6yle tamamlad\u0131:<\/p>\n<p> <strong>&#8220;\u015eahsen onun ismine hakikaten \u00fczg\u00fcn\u00fcm. Kendisi eski bir ekip arkada\u015f\u0131m. Ben de sakatl\u0131klar ya\u015fad\u0131m lakin hi\u00e7 ACL \u00fczere bu kadar \u00f6nemli bir sakatl\u0131k ge\u00e7irmedim.&#8221;<\/strong><\/p>\n<p> <strong>&#8220;\u00d6n\u00fcnde uzun bir yol var lakin kul\u00fcp ve s\u0131hhat tak\u0131m\u0131m\u0131z\u0131n tam takviyesini alacak. Geri d\u00f6nece\u011finden hi\u00e7 ku\u015fkum yok.&#8221;<\/strong><\/p>\n<\/div>\n","protected":false},"excerpt":{"rendered":"<p>Golden State Warriors genel menajeri Mike Dunleavy Jr., kamuoyunda dola\u015fan s\u00f6ylentilerin tersine, Jimmy Butler&#8217;\u0131n takas edilmesinin g\u00fcndemde olmad\u0131\u011f\u0131n\u0131 net bir lisanla s\u00f6z etti.<\/p>\n","protected":false},"author":1,"featured_media":51631,"comment_status":"open","ping_status":"open","sticky":false,"template":"","format":"standard","meta":{"footnotes":""},"categories":[10],"tags":[57],"class_list":["post-51630","post","type-post","status-publish","format-standard","has-post-thumbnail","hentry","category-basketbol","tag-sezon"],"_links":{"self":[{"href":"https:\/\/haberbesiktas.tr\/index.php?rest_route=\/wp\/v2\/posts\/51630","targetHints":{"allow":["GET"]}}],"collection":[{"href":"https:\/\/haberbesiktas.tr\/index.php?rest_route=\/wp\/v2\/posts"}],"about":[{"href":"https:\/\/haberbesiktas.tr\/index.php?rest_route=\/wp\/v2\/types\/post"}],"author":[{"embeddable":true,"href":"https:\/\/haberbesiktas.tr\/index.php?rest_route=\/wp\/v2\/users\/1"}],"replies":[{"embeddable":true,"href":"https:\/\/haberbesiktas.tr\/index.php?rest_route=%2Fwp%2Fv2%2Fcomments&post=51630"}],"version-history":[{"count":1,"href":"https:\/\/haberbesiktas.tr\/index.php?rest_route=\/wp\/v2\/posts\/51630\/revisions"}],"predecessor-version":[{"id":51632,"href":"https:\/\/haberbesiktas.tr\/index.php?rest_route=\/wp\/v2\/posts\/51630\/revisions\/51632"}],"wp:featuredmedia":[{"embeddable":true,"href":"https:\/\/haberbesiktas.tr\/index.php?rest_route=\/wp\/v2\/media\/51631"}],"wp:attachment":[{"href":"https:\/\/haberbesiktas.tr\/index.php?rest_route=%2Fwp%2Fv2%2Fmedia&parent=51630"}],"wp:term":[{"taxonomy":"category","embeddable":true,"href":"https:\/\/haberbesiktas.tr\/index.php?rest_route=%2Fwp%2Fv2%2Fcategories&post=51630"},{"taxonomy":"post_tag","embeddable":true,"href":"https:\/\/haberbesiktas.tr\/index.php?rest_route=%2Fwp%2Fv2%2Ftags&post=51630"}],"curies":[{"name":"wp","href":"https:\/\/api.w.org\/{rel}","templated":true}]}}