{"id":51721,"date":"2026-01-21T18:12:11","date_gmt":"2026-01-21T18:12:11","guid":{"rendered":"https:\/\/haberbesiktas.tr\/?p=51721"},"modified":"2026-01-21T18:12:11","modified_gmt":"2026-01-21T18:12:11","slug":"fatih-tekkeli-trabzonspordan-istanbul-ekiplerine-gecit-yok","status":"publish","type":"post","link":"https:\/\/haberbesiktas.tr\/?p=51721","title":{"rendered":"Fatih Tekke&#8217;li Trabzonspor&#8217;dan \u0130stanbul ekiplerine ge\u00e7it yok"},"content":{"rendered":"<div>\u00a0Trendyol Muhte\u015fem Lig&#8217;in 19. haftas\u0131nda 23 Ocak Cuma g\u00fcn\u00fc Kas\u0131mpa\u015fa&#8217;y\u0131 konuk edecek Trabzonspor, teknik y\u00f6netici Fatih Tekke idaresinde bu d\u00f6nem \u0130stanbul gruplar\u0131 kar\u015f\u0131s\u0131nda yaln\u0131zca bir yenilgi ald\u0131.<\/p>\n<p> Ligde Galatasaray&#8217;\u0131n 5, Fenerbah\u00e7e&#8217;nin de 4 puan gerisinde \u00fc\u00e7\u00fcnc\u00fc s\u0131rada yer alan bordo-mavililer, \u0130stanbul tak\u0131mlar\u0131 ile oynad\u0131\u011f\u0131 ma\u00e7larda yaln\u0131zca bir defa alandan puans\u0131z ayr\u0131ld\u0131.<\/p>\n<p> Teknik y\u00f6netici Fatih Tekke idaresinde \u0130stanbul temsilcileri kar\u015f\u0131s\u0131nda bu d\u00f6nem 7 kar\u015f\u0131la\u015fmaya \u00e7\u0131kan Karadeniz grubu, bu u\u011fra\u015flarda 4 galibiyet, 2 beraberlik ve 1 yenilgi ya\u015fad\u0131. <\/p>\n<p> Bordo-mavililer, ligin 2. haftas\u0131nda deplasmanda Kas\u0131mpa\u015fa&#8217;y\u0131 1-0 yenerek kelam konusu rakipleri kar\u015f\u0131s\u0131nda birinci ma\u00e7\u0131ndan galibiyetle ayr\u0131l\u0131rken 5. haftada uzun m\u00fchlet 10 ki\u015fi oynad\u0131\u011f\u0131 kar\u015f\u0131la\u015fmada Fenerbah\u00e7e&#8217;ye \u0130stanbul&#8217;da 1-0 ma\u011flup oldu.<\/p>\n<p> Ligin 7. haftas\u0131nda konuk oldu\u011fu M\u0131s\u0131rl\u0131.com.tr Fatih Karag\u00fcmr\u00fck&#8217;\u00fc 4-3, 10. haftada alan\u0131nda ikas Ey\u00fcpspor&#8217;u 2-0 ma\u011flup eden Karadeniz grubu, 11. haftada Galatasaray ile d\u0131\u015f alanda 0-0 berabere kald\u0131, 13. haftada ise RAMS Ba\u015fak\u015fehir&#8217;i deplasmanda 4-3 yendi, 16. haftada alan\u0131nda Be\u015fikta\u015f ile 3-3 berabere kald\u0131.<\/p>\n<p> <strong>&#8211; 38 puan\u0131n 14&#8217;\u00fcn\u00fc \u0130stanbul kadrolar\u0131ndan ald\u0131<\/strong><\/p>\n<p> Trabzonspor, ligde \u0130stanbul kadrolar\u0131 kar\u015f\u0131s\u0131nda hanesine 14 puan yazd\u0131r\u0131rken 7 puan yitirdi.<\/p>\n<p> Ligde 38 puan\u0131 bulunan Karadeniz grubu, \u0130stanbul temsilcileriyle oynad\u0131\u011f\u0131 ma\u00e7larda puanlar\u0131n\u0131n y\u00fczde 36,8&#8217;ini elde etti.<\/p>\n<p> <strong>&#8211; 2 puan ve gol ortalamas\u0131<\/strong><\/p>\n<p> Trabzonspor, \u0130stanbul gruplar\u0131 kar\u015f\u0131s\u0131nda bu sezonki 7 m\u00fcsabakada 2 puan ortalamas\u0131 tutturdu.<\/p>\n<p> Karadeniz grubu, kelam konusu kar\u015f\u0131la\u015fmalarda 14 gol atarken ma\u00e7 ba\u015f\u0131na da 2 gol ortalamas\u0131 yakalad\u0131.\u00a0<\/p>\n<\/div>\n","protected":false},"excerpt":{"rendered":"<p>Trabzonspor, teknik y\u00f6netici Fatih Tekke idaresinde bu d\u00f6nem \u0130stanbul gruplar\u0131 kar\u015f\u0131s\u0131nda yaln\u0131zca bir hezimet ald\u0131.<\/p>\n","protected":false},"author":1,"featured_media":51722,"comment_status":"open","ping_status":"open","sticky":false,"template":"","format":"standard","meta":{"footnotes":""},"categories":[25],"tags":[1554,1157,1833],"class_list":["post-51721","post","type-post","status-publish","format-standard","has-post-thumbnail","hentry","category-futbol","tag-haftada","tag-istanbul","tag-karsisinda"],"_links":{"self":[{"href":"https:\/\/haberbesiktas.tr\/index.php?rest_route=\/wp\/v2\/posts\/51721","targetHints":{"allow":["GET"]}}],"collection":[{"href":"https:\/\/haberbesiktas.tr\/index.php?rest_route=\/wp\/v2\/posts"}],"about":[{"href":"https:\/\/haberbesiktas.tr\/index.php?rest_route=\/wp\/v2\/types\/post"}],"author":[{"embeddable":true,"href":"https:\/\/haberbesiktas.tr\/index.php?rest_route=\/wp\/v2\/users\/1"}],"replies":[{"embeddable":true,"href":"https:\/\/haberbesiktas.tr\/index.php?rest_route=%2Fwp%2Fv2%2Fcomments&post=51721"}],"version-history":[{"count":1,"href":"https:\/\/haberbesiktas.tr\/index.php?rest_route=\/wp\/v2\/posts\/51721\/revisions"}],"predecessor-version":[{"id":51723,"href":"https:\/\/haberbesiktas.tr\/index.php?rest_route=\/wp\/v2\/posts\/51721\/revisions\/51723"}],"wp:featuredmedia":[{"embeddable":true,"href":"https:\/\/haberbesiktas.tr\/index.php?rest_route=\/wp\/v2\/media\/51722"}],"wp:attachment":[{"href":"https:\/\/haberbesiktas.tr\/index.php?rest_route=%2Fwp%2Fv2%2Fmedia&parent=51721"}],"wp:term":[{"taxonomy":"category","embeddable":true,"href":"https:\/\/haberbesiktas.tr\/index.php?rest_route=%2Fwp%2Fv2%2Fcategories&post=51721"},{"taxonomy":"post_tag","embeddable":true,"href":"https:\/\/haberbesiktas.tr\/index.php?rest_route=%2Fwp%2Fv2%2Ftags&post=51721"}],"curies":[{"name":"wp","href":"https:\/\/api.w.org\/{rel}","templated":true}]}}