{"id":51724,"date":"2026-01-21T18:24:09","date_gmt":"2026-01-21T18:24:09","guid":{"rendered":"https:\/\/haberbesiktas.tr\/?p=51724"},"modified":"2026-01-21T18:24:09","modified_gmt":"2026-01-21T18:24:09","slug":"milli-aticilar-sezonu-almanyada-acacak-2","status":"publish","type":"post","link":"https:\/\/haberbesiktas.tr\/?p=51724","title":{"rendered":"Milli at\u0131c\u0131lar, sezonu Almanya&#8217;da a\u00e7acak"},"content":{"rendered":"<p>\u00a0T\u00fcrkiye At\u0131c\u0131l\u0131k Ulusal Grubu, Almanya&#8217;da d\u00fczenlenecek H&#038;N Kupas\u0131&#8217;nda \u00e7aba edecek.<\/p>\n<p> T\u00fcrkiye At\u0131c\u0131l\u0131k Federasyonunun a\u00e7\u0131klamas\u0131na nazaran at\u0131c\u0131l\u0131kta 2026 y\u0131l\u0131n\u0131n birinci memleketler aras\u0131 tertibi M\u00fcnih&#8217;te d\u00fczenlenecek.<\/p>\n<p> H&#038;N Kupas\u0131&#8217;nda bug\u00fcn ba\u015flayacak kar\u015f\u0131la\u015fmalar, 25 Ocak Pazar g\u00fcn\u00fc sona erecek. Turnuvada T\u00fcrkiye&#8217;yi temsil edecek at\u0131c\u0131lar \u015f\u00f6yle:<\/p>\n<p> Yusuf Dike\u00e7, Bu\u011fra Selimzade, Mustafa \u0130nan, \u0130smail Kele\u015f, \u015eevval \u0130layda Tarhan, \u015eimal Y\u0131lmaz, Esra Bozabal\u0131, Mert Nalbant, Galip Berat Afal, Yusuf Karabina, Damla K\u00f6se, Elif Berfin Altun, Elif His Eren Koto\u015f ve \u015eule I\u015f\u0131k \u0130nhisar\u0131.<\/p>\n","protected":false},"excerpt":{"rendered":"<p>T\u00fcrkiye At\u0131c\u0131l\u0131k Ulusal Grubu, Almanya&#8217;da d\u00fczenlenecek H&#038;N Kupas\u0131&#8217;nda uzunluk g\u00f6sterecek.<\/p>\n","protected":false},"author":1,"featured_media":51725,"comment_status":"open","ping_status":"open","sticky":false,"template":"","format":"standard","meta":{"footnotes":""},"categories":[27],"tags":[],"class_list":["post-51724","post","type-post","status-publish","format-standard","has-post-thumbnail","hentry","category-guncel-haberler"],"_links":{"self":[{"href":"https:\/\/haberbesiktas.tr\/index.php?rest_route=\/wp\/v2\/posts\/51724","targetHints":{"allow":["GET"]}}],"collection":[{"href":"https:\/\/haberbesiktas.tr\/index.php?rest_route=\/wp\/v2\/posts"}],"about":[{"href":"https:\/\/haberbesiktas.tr\/index.php?rest_route=\/wp\/v2\/types\/post"}],"author":[{"embeddable":true,"href":"https:\/\/haberbesiktas.tr\/index.php?rest_route=\/wp\/v2\/users\/1"}],"replies":[{"embeddable":true,"href":"https:\/\/haberbesiktas.tr\/index.php?rest_route=%2Fwp%2Fv2%2Fcomments&post=51724"}],"version-history":[{"count":1,"href":"https:\/\/haberbesiktas.tr\/index.php?rest_route=\/wp\/v2\/posts\/51724\/revisions"}],"predecessor-version":[{"id":51726,"href":"https:\/\/haberbesiktas.tr\/index.php?rest_route=\/wp\/v2\/posts\/51724\/revisions\/51726"}],"wp:featuredmedia":[{"embeddable":true,"href":"https:\/\/haberbesiktas.tr\/index.php?rest_route=\/wp\/v2\/media\/51725"}],"wp:attachment":[{"href":"https:\/\/haberbesiktas.tr\/index.php?rest_route=%2Fwp%2Fv2%2Fmedia&parent=51724"}],"wp:term":[{"taxonomy":"category","embeddable":true,"href":"https:\/\/haberbesiktas.tr\/index.php?rest_route=%2Fwp%2Fv2%2Fcategories&post=51724"},{"taxonomy":"post_tag","embeddable":true,"href":"https:\/\/haberbesiktas.tr\/index.php?rest_route=%2Fwp%2Fv2%2Ftags&post=51724"}],"curies":[{"name":"wp","href":"https:\/\/api.w.org\/{rel}","templated":true}]}}