{"id":51784,"date":"2026-01-21T22:24:11","date_gmt":"2026-01-21T22:24:11","guid":{"rendered":"https:\/\/haberbesiktas.tr\/?p=51784"},"modified":"2026-01-21T22:24:11","modified_gmt":"2026-01-21T22:24:11","slug":"emery-acikladi-fenerbahce-macinda-yoklar","status":"publish","type":"post","link":"https:\/\/haberbesiktas.tr\/?p=51784","title":{"rendered":"Emery a\u00e7\u0131klad\u0131: &#8220;Fenerbah\u00e7e ma\u00e7\u0131nda yoklar!&#8221;"},"content":{"rendered":"<div>Aston Villa Teknik Y\u00f6neticisi Unai Emery, Avrupa Ligi&#8217;ndeki Fenerbah\u00e7e ma\u00e7\u0131 \u00f6ncesi a\u00e7\u0131klamalarda bulundu.<\/p>\n<p> \u0130spanyol teknik adam, bu ma\u00e7 i\u00e7in seyahat edemeyen oyuncularla ilgili gelen sorunun akabinde,<strong> &#8220;Martinez, Kamara, McGinn, Allyson ve Barkley gelemedi.<\/strong>&#8221; diye konu\u015ftu.<\/p>\n<p><strong>&#8220;ZOR B\u0130R\u00a0 MA\u00c7 OLACAK&#8221;<\/strong><\/p>\n<p> <strong>&#8220;Fenerbah\u00e7e &#8211; Aston Villa ma\u00e7\u0131n\u0131n biletleri saniyeler i\u00e7erisinde t\u00fckendi. Fenerbah\u00e7e taraftar\u0131n\u0131n ma\u00e7a olan bu ilgisi sizi huzursuz ediyor mu?<\/strong>&#8221; sorusuna yan\u0131t veren Emery,<strong> &#8220;Tabii ki g\u00fc\u00e7 bir ma\u00e7 olacak. Fenerbah\u00e7e, \u00e7ok uygun bir ekip. D\u00fczg\u00fcn, kaliteli ve deneyimli oyuncular\u0131 var. Tutkulu bir atmosfer olacak. Bu ma\u00e7\u0131 oynamay\u0131 bekliyoruz&#8221;<\/strong> diye konu\u015ftu. <\/p>\n<p> Unai Emery, <strong>&#8220;Fenerbah\u00e7e, \u00e7ok tan\u0131nan bir kadro. Avrupa Ligi&#8217;nde de sonuna kadar gidebilecek g\u00fc\u00e7teler. S\u0131k\u0131nt\u0131 bir ma\u00e7 olacak.&#8221;<\/strong> dedi.<\/p>\n<p><strong>ASENSIO VE DURAN<\/strong><\/p>\n<p> Daha evvel birlikte \u00e7al\u0131\u015ft\u0131\u011f\u0131 Marco Asensio ve Jhon Duran&#8217;a kar\u015f\u0131 bu sefer rakip olaca\u011f\u0131 hat\u0131rlat\u0131lan Emery, <strong>&#8220;\u0130kisi de \u00e7ok yeterli oyuncular. Asensio, \u00e7ok deneyimli. Ge\u00e7en sene birlikteydik. Bizde b\u00fcy\u00fck performans g\u00f6sterdi. Fenerbah\u00e7e, bu t\u00fcrl\u00fc kaliteli oyuncular\u0131 alabiliyor. G\u00fczel bir grup. Duran da t\u0131pk\u0131 bi\u00e7imde. Suudi Arabistan&#8217;a gitti ve buraya geldi. \u00c7ok deneyimli oyuncular\u0131 var. Rakibimize h\u00fcrmet duyuyoruz lakin ikisini de durdurmak i\u00e7in elimizden geleni yapaca\u011f\u0131z.&#8221;<\/strong> diye konu\u015ftu.<\/p>\n<p> Unai Emery ile birlikte bas\u0131n toplant\u0131s\u0131nda yer alan Emiliano Buendia ise<strong> &#8220;Asensio&#8217;nun yetene\u011fini biliyoruz. Onu tan\u0131yoruz. 5 ayda burada etkileyici i\u015fler yapt\u0131. Yaln\u0131zca o de\u011fil, Fenerbah\u00e7e&#8217;nin \u00e7ok uygun bir performans\u0131 var.&#8221;<\/strong> kelamlar\u0131n\u0131 sarf etti.<\/p>\n<\/div>\n","protected":false},"excerpt":{"rendered":"<p>Aston Villa Teknik Y\u00f6neticisi Unai Emery, Avrupa Ligi&#8217;ndeki Fenerbah\u00e7e ma\u00e7\u0131 \u00f6ncesi konu\u015ftu.<\/p>\n","protected":false},"author":1,"featured_media":51785,"comment_status":"open","ping_status":"open","sticky":false,"template":"","format":"standard","meta":{"footnotes":""},"categories":[25],"tags":[3872,115,50],"class_list":["post-51784","post","type-post","status-publish","format-standard","has-post-thumbnail","hentry","category-futbol","tag-emery","tag-fenerbahce","tag-mac"],"_links":{"self":[{"href":"https:\/\/haberbesiktas.tr\/index.php?rest_route=\/wp\/v2\/posts\/51784","targetHints":{"allow":["GET"]}}],"collection":[{"href":"https:\/\/haberbesiktas.tr\/index.php?rest_route=\/wp\/v2\/posts"}],"about":[{"href":"https:\/\/haberbesiktas.tr\/index.php?rest_route=\/wp\/v2\/types\/post"}],"author":[{"embeddable":true,"href":"https:\/\/haberbesiktas.tr\/index.php?rest_route=\/wp\/v2\/users\/1"}],"replies":[{"embeddable":true,"href":"https:\/\/haberbesiktas.tr\/index.php?rest_route=%2Fwp%2Fv2%2Fcomments&post=51784"}],"version-history":[{"count":1,"href":"https:\/\/haberbesiktas.tr\/index.php?rest_route=\/wp\/v2\/posts\/51784\/revisions"}],"predecessor-version":[{"id":51786,"href":"https:\/\/haberbesiktas.tr\/index.php?rest_route=\/wp\/v2\/posts\/51784\/revisions\/51786"}],"wp:featuredmedia":[{"embeddable":true,"href":"https:\/\/haberbesiktas.tr\/index.php?rest_route=\/wp\/v2\/media\/51785"}],"wp:attachment":[{"href":"https:\/\/haberbesiktas.tr\/index.php?rest_route=%2Fwp%2Fv2%2Fmedia&parent=51784"}],"wp:term":[{"taxonomy":"category","embeddable":true,"href":"https:\/\/haberbesiktas.tr\/index.php?rest_route=%2Fwp%2Fv2%2Fcategories&post=51784"},{"taxonomy":"post_tag","embeddable":true,"href":"https:\/\/haberbesiktas.tr\/index.php?rest_route=%2Fwp%2Fv2%2Ftags&post=51784"}],"curies":[{"name":"wp","href":"https:\/\/api.w.org\/{rel}","templated":true}]}}