{"id":51807,"date":"2026-01-21T23:48:09","date_gmt":"2026-01-21T23:48:09","guid":{"rendered":"https:\/\/haberbesiktas.tr\/?p=51807"},"modified":"2026-01-21T23:48:09","modified_gmt":"2026-01-21T23:48:09","slug":"almada-icin-galatasaray-aciklamasi","status":"publish","type":"post","link":"https:\/\/haberbesiktas.tr\/?p=51807","title":{"rendered":"Almada i\u00e7in Galatasaray a\u00e7\u0131klamas\u0131!"},"content":{"rendered":"<div>Atletico Madrid Futbol Y\u00f6neticisi Mateu Alemany, \u015eampiyonlar Ligi&#8217;ndeki Galatasaray ma\u00e7\u0131 \u00f6ncesi konu\u015ftu.<\/p>\n<p><strong>&#8220;TAMAMEN G\u00dcNDEM DI\u015eI&#8221;<\/strong><\/p>\n<p> Alemany, Galatasaray&#8217;\u0131n transfer g\u00fcndeminde yer alan Thiago Almada ile ilgili a\u00e7\u0131klama yapt\u0131.<\/p>\n<p> Arjantinli futbolcunun Galatasaray&#8217;a transferinin kelam konusu olmad\u0131\u011f\u0131n\u0131 s\u00f6yleyen Alemany, <strong>&#8220;Almada&#8217;n\u0131n Galatasaray&#8217;a transferi b\u00fcsb\u00fct\u00fcn g\u00fcndem d\u0131\u015f\u0131.&#8221;<\/strong> diye konu\u015ftu.<\/p>\n<p><strong>ATLETICO \u0130LE S\u00d6ZLE\u015eMES\u0130<\/strong><\/p>\n<p> \u015eimdiki piyasa pahas\u0131 20 milyon euro olarak g\u00f6sterilen 24 ya\u015f\u0131ndaki Almada&#8217;n\u0131n, Atletico Madrid ile mukavelesi 2030 y\u0131l\u0131na kadar devam ediyor.<\/p>\n<\/div>\n","protected":false},"excerpt":{"rendered":"<p>Atletico Madrid Futbol Y\u00f6neticisi Mateu Alemany, Galatasaray&#8217;\u0131n g\u00fcndeminde yer alan Thiago Almada&#8217;n\u0131n transferinin kelam konusu olmad\u0131\u011f\u0131n\u0131 s\u00f6yledi.<\/p>\n","protected":false},"author":1,"featured_media":51808,"comment_status":"open","ping_status":"open","sticky":false,"template":"","format":"standard","meta":{"footnotes":""},"categories":[25],"tags":[],"class_list":["post-51807","post","type-post","status-publish","format-standard","has-post-thumbnail","hentry","category-futbol"],"_links":{"self":[{"href":"https:\/\/haberbesiktas.tr\/index.php?rest_route=\/wp\/v2\/posts\/51807","targetHints":{"allow":["GET"]}}],"collection":[{"href":"https:\/\/haberbesiktas.tr\/index.php?rest_route=\/wp\/v2\/posts"}],"about":[{"href":"https:\/\/haberbesiktas.tr\/index.php?rest_route=\/wp\/v2\/types\/post"}],"author":[{"embeddable":true,"href":"https:\/\/haberbesiktas.tr\/index.php?rest_route=\/wp\/v2\/users\/1"}],"replies":[{"embeddable":true,"href":"https:\/\/haberbesiktas.tr\/index.php?rest_route=%2Fwp%2Fv2%2Fcomments&post=51807"}],"version-history":[{"count":1,"href":"https:\/\/haberbesiktas.tr\/index.php?rest_route=\/wp\/v2\/posts\/51807\/revisions"}],"predecessor-version":[{"id":51809,"href":"https:\/\/haberbesiktas.tr\/index.php?rest_route=\/wp\/v2\/posts\/51807\/revisions\/51809"}],"wp:featuredmedia":[{"embeddable":true,"href":"https:\/\/haberbesiktas.tr\/index.php?rest_route=\/wp\/v2\/media\/51808"}],"wp:attachment":[{"href":"https:\/\/haberbesiktas.tr\/index.php?rest_route=%2Fwp%2Fv2%2Fmedia&parent=51807"}],"wp:term":[{"taxonomy":"category","embeddable":true,"href":"https:\/\/haberbesiktas.tr\/index.php?rest_route=%2Fwp%2Fv2%2Fcategories&post=51807"},{"taxonomy":"post_tag","embeddable":true,"href":"https:\/\/haberbesiktas.tr\/index.php?rest_route=%2Fwp%2Fv2%2Ftags&post=51807"}],"curies":[{"name":"wp","href":"https:\/\/api.w.org\/{rel}","templated":true}]}}