{"id":51810,"date":"2026-01-22T00:00:10","date_gmt":"2026-01-22T00:00:10","guid":{"rendered":"https:\/\/haberbesiktas.tr\/?p=51810"},"modified":"2026-01-22T00:00:10","modified_gmt":"2026-01-22T00:00:10","slug":"raphael-onyedikadan-dikkat-ceken-paylasim","status":"publish","type":"post","link":"https:\/\/haberbesiktas.tr\/?p=51810","title":{"rendered":"Raphael Onyedika&#8217;dan dikkat \u00e7eken payla\u015f\u0131m!"},"content":{"rendered":"<div>Club Brugge formas\u0131 giyen Raphael Onyedika, toplumsal medyay\u0131 payla\u015f\u0131m\u0131yla adeta kar\u0131\u015ft\u0131rd\u0131!<\/p>\n<p> Galatasaray&#8217;\u0131n da transfer g\u00fcndeminde yer alan Nijeryal\u0131 orta saha oyuncusu, toplumsal medya hesab\u0131ndan u\u00e7a\u011fa binerken bir \u00f6yk\u00fc payla\u015ft\u0131.<\/p>\n<p> Onyedika&#8217;n\u0131n payla\u015f\u0131m\u0131nda bindi\u011fi u\u00e7aktaki T\u00fcrk bayra\u011f\u0131 ve TC yaz\u0131s\u0131 dikkat \u00e7ekti ve bu manzaralar toplumsal medyada g\u00fcndem oldu.<\/p>\n<p> Club Brugge formas\u0131 alt\u0131nda bu d\u00f6nem 24 ma\u00e7ta m\u00fcddet bulan 24 ya\u015f\u0131ndaki Onyedika, 2 gol att\u0131 ve 1 asist yapt\u0131.<\/p>\n<p><img decoding=\"async\" src=\"https:\/\/haberbesiktas.tr\/wp-content\/uploads\/2026\/01\/raphael-onyedikadan-dikkat-ceken-paylasim-0-RtdWeRG8.jpg\"\/><\/p>\n<\/div>\n","protected":false},"excerpt":{"rendered":"<p>Club Brugge formas\u0131 giyen ve Galatasaray&#8217;\u0131n g\u00fcndeminde yer alan Nijeryal\u0131 orta saha oyuncusu Raphael Onyedika, toplumsal medyadan yapt\u0131\u011f\u0131 payla\u015f\u0131mla dikkat \u00e7ekti.<\/p>\n","protected":false},"author":1,"featured_media":51811,"comment_status":"open","ping_status":"open","sticky":false,"template":"","format":"standard","meta":{"footnotes":""},"categories":[25],"tags":[],"class_list":["post-51810","post","type-post","status-publish","format-standard","has-post-thumbnail","hentry","category-futbol"],"_links":{"self":[{"href":"https:\/\/haberbesiktas.tr\/index.php?rest_route=\/wp\/v2\/posts\/51810","targetHints":{"allow":["GET"]}}],"collection":[{"href":"https:\/\/haberbesiktas.tr\/index.php?rest_route=\/wp\/v2\/posts"}],"about":[{"href":"https:\/\/haberbesiktas.tr\/index.php?rest_route=\/wp\/v2\/types\/post"}],"author":[{"embeddable":true,"href":"https:\/\/haberbesiktas.tr\/index.php?rest_route=\/wp\/v2\/users\/1"}],"replies":[{"embeddable":true,"href":"https:\/\/haberbesiktas.tr\/index.php?rest_route=%2Fwp%2Fv2%2Fcomments&post=51810"}],"version-history":[{"count":1,"href":"https:\/\/haberbesiktas.tr\/index.php?rest_route=\/wp\/v2\/posts\/51810\/revisions"}],"predecessor-version":[{"id":51813,"href":"https:\/\/haberbesiktas.tr\/index.php?rest_route=\/wp\/v2\/posts\/51810\/revisions\/51813"}],"wp:featuredmedia":[{"embeddable":true,"href":"https:\/\/haberbesiktas.tr\/index.php?rest_route=\/wp\/v2\/media\/51811"}],"wp:attachment":[{"href":"https:\/\/haberbesiktas.tr\/index.php?rest_route=%2Fwp%2Fv2%2Fmedia&parent=51810"}],"wp:term":[{"taxonomy":"category","embeddable":true,"href":"https:\/\/haberbesiktas.tr\/index.php?rest_route=%2Fwp%2Fv2%2Fcategories&post=51810"},{"taxonomy":"post_tag","embeddable":true,"href":"https:\/\/haberbesiktas.tr\/index.php?rest_route=%2Fwp%2Fv2%2Ftags&post=51810"}],"curies":[{"name":"wp","href":"https:\/\/api.w.org\/{rel}","templated":true}]}}