{"id":51842,"date":"2026-01-22T01:36:10","date_gmt":"2026-01-22T01:36:10","guid":{"rendered":"https:\/\/haberbesiktas.tr\/?p=51842"},"modified":"2026-01-22T01:36:10","modified_gmt":"2026-01-22T01:36:10","slug":"osimhenden-manchester-city-yaniti","status":"publish","type":"post","link":"https:\/\/haberbesiktas.tr\/?p=51842","title":{"rendered":"Osimhen&#8217;den Manchester City yan\u0131t\u0131!"},"content":{"rendered":"<div>Galatasaray formas\u0131 giyen Victor Osimhen, \u015eampiyonlar Ligi&#8217;ndeki Atletico Madrid ma\u00e7\u0131n\u0131n akabinde a\u00e7\u0131klamalarda bulundu.<\/p>\n<p> Nijeryal\u0131 golc\u00fc, &#8220;Galatasaray&#8217;\u0131 \u00e7ok fazla \u00f6zledim. G\u00fc\u00e7l\u00fc bir rakibe kar\u015f\u0131 \u00f6zledim. Kadro arkada\u015flar\u0131m\u0131 tebrik ederim, b\u00fcy\u00fck bir rakibe kar\u015f\u0131 uygun bir i\u015f \u00e7\u0131kard\u0131k. Ma\u00e7 %50-%50 \u00fczereydi. Birtak\u0131m yerlerde ma\u00e7\u0131 bitirme baht\u0131m\u0131z\u0131 vard\u0131. Memnunum performans\u0131m\u0131zdan.&#8221; dedi.<\/p>\n<p> \u015eampiyonlar Ligi&#8217;nde gelecek hafta oynanacak Manchester City ma\u00e7\u0131yla ilgili konu\u015fan Osimhen, &#8220;Manchester City d\u00fcnyan\u0131n en g\u00fczel kadrolar\u0131ndan biri. Evvel lige, sonra o ma\u00e7a odaklanaca\u011f\u0131z. Kolay olmayacak lakin kadroma g\u00fcveniyorum. Ortadan da bir \u015feyler \u00e7\u0131karabiliriz. Atletico&#8217;ya oynad\u0131\u011f\u0131m\u0131z \u00fczere oynamal\u0131y\u0131z.&#8221; diye konu\u015ftu. <\/p>\n<\/div>\n","protected":false},"excerpt":{"rendered":"<p>Galatasaray formas\u0131 giyen Victor Osimhen, \u015eampiyonlar Ligi&#8217;ndeki Atletico Madrid ma\u00e7\u0131n\u0131n akabinde konu\u015ftu.<\/p>\n","protected":false},"author":1,"featured_media":51843,"comment_status":"open","ping_status":"open","sticky":false,"template":"","format":"standard","meta":{"footnotes":""},"categories":[25],"tags":[50],"class_list":["post-51842","post","type-post","status-publish","format-standard","has-post-thumbnail","hentry","category-futbol","tag-mac"],"_links":{"self":[{"href":"https:\/\/haberbesiktas.tr\/index.php?rest_route=\/wp\/v2\/posts\/51842","targetHints":{"allow":["GET"]}}],"collection":[{"href":"https:\/\/haberbesiktas.tr\/index.php?rest_route=\/wp\/v2\/posts"}],"about":[{"href":"https:\/\/haberbesiktas.tr\/index.php?rest_route=\/wp\/v2\/types\/post"}],"author":[{"embeddable":true,"href":"https:\/\/haberbesiktas.tr\/index.php?rest_route=\/wp\/v2\/users\/1"}],"replies":[{"embeddable":true,"href":"https:\/\/haberbesiktas.tr\/index.php?rest_route=%2Fwp%2Fv2%2Fcomments&post=51842"}],"version-history":[{"count":1,"href":"https:\/\/haberbesiktas.tr\/index.php?rest_route=\/wp\/v2\/posts\/51842\/revisions"}],"predecessor-version":[{"id":51844,"href":"https:\/\/haberbesiktas.tr\/index.php?rest_route=\/wp\/v2\/posts\/51842\/revisions\/51844"}],"wp:featuredmedia":[{"embeddable":true,"href":"https:\/\/haberbesiktas.tr\/index.php?rest_route=\/wp\/v2\/media\/51843"}],"wp:attachment":[{"href":"https:\/\/haberbesiktas.tr\/index.php?rest_route=%2Fwp%2Fv2%2Fmedia&parent=51842"}],"wp:term":[{"taxonomy":"category","embeddable":true,"href":"https:\/\/haberbesiktas.tr\/index.php?rest_route=%2Fwp%2Fv2%2Fcategories&post=51842"},{"taxonomy":"post_tag","embeddable":true,"href":"https:\/\/haberbesiktas.tr\/index.php?rest_route=%2Fwp%2Fv2%2Ftags&post=51842"}],"curies":[{"name":"wp","href":"https:\/\/api.w.org\/{rel}","templated":true}]}}