{"id":51910,"date":"2026-01-22T06:36:04","date_gmt":"2026-01-22T06:36:04","guid":{"rendered":"https:\/\/haberbesiktas.tr\/?p=51910"},"modified":"2026-01-22T06:36:04","modified_gmt":"2026-01-22T06:36:04","slug":"kristjan-asllaniden-besiktasa-yesil-isik","status":"publish","type":"post","link":"https:\/\/haberbesiktas.tr\/?p=51910","title":{"rendered":"Kristjan Asllani&#8217;den Be\u015fikta\u015f&#8217;a ye\u015fil \u0131\u015f\u0131k!"},"content":{"rendered":"<div>\n<p>Be\u015fikta\u015f&#8217;ta orta transfer devrinde \u00f6n libero s\u0131n\u0131r\u0131 i\u00e7in dikkat \u00e7eken bir geli\u015fme ya\u015fand\u0131.<\/p>\n<p> Siyah-beyazl\u0131lar\u0131n, bonservisi Inter&#8217;de bulunan ve bu d\u00f6nem Torino&#8217;da kiral\u0131k olarak forma giyen <strong>Kristjan Asllani<\/strong>&#8216;yi g\u00fcndemine ald\u0131\u011f\u0131 \u00f6\u011frenildi.<\/p>\n<p> \u0130talyan grubunda teknik y\u00f6neticisiyle ya\u015fad\u0131\u011f\u0131 meseleler nedeniyle tak\u0131m d\u0131\u015f\u0131 kalan 23 ya\u015f\u0131ndaki Arnavut futbolcunun, Torino ile ipleri kopma noktas\u0131na getirdi\u011fi tabir edildi.<\/p>\n<p> <strong>BE\u015e\u0130KTA\u015e&#8217;A SICAK BAKIYOR<\/strong> <\/p>\n<p> Asllani&#8217;nin, mesle\u011fine Be\u015fikta\u015f&#8217;ta devam etmeye istekli oldu\u011fu ve transfer i\u00e7in olumlu geri d\u00f6n\u00fc\u015f yapt\u0131\u011f\u0131 aktar\u0131ld\u0131. \u0130darenin, Inter ve oyuncu cephesiyle temaslar\u0131n\u0131 s\u00fcrd\u00fcrd\u00fc\u011f\u00fc kaydedildi.<\/p>\n<p> <strong>BU D\u00d6NEM GOL KATKISI YOK<\/strong><\/p>\n<p> Gen\u00e7 \u00f6n libero, bu d\u00f6nem Torino formas\u0131yla 16 resmi ma\u00e7a \u00e7\u0131karken gol ya da asist katk\u0131s\u0131 \u00fcretemedi.<\/p>\n<\/div>\n","protected":false},"excerpt":{"rendered":"<p>Be\u015fikta\u015f, Inter&#8217;in Torino&#8217;ya kiralad\u0131\u011f\u0131 Kristjan Asllani&#8217;yi g\u00fcndemine al\u0131rken, 23 ya\u015f\u0131ndaki \u00f6n liberonun siyah-beyazl\u0131lara gelmeye s\u0131cak bakt\u0131\u011f\u0131 \u00f6\u011frenildi.<\/p>\n","protected":false},"author":1,"featured_media":51911,"comment_status":"open","ping_status":"open","sticky":false,"template":"","format":"standard","meta":{"footnotes":""},"categories":[25],"tags":[],"class_list":["post-51910","post","type-post","status-publish","format-standard","has-post-thumbnail","hentry","category-futbol"],"_links":{"self":[{"href":"https:\/\/haberbesiktas.tr\/index.php?rest_route=\/wp\/v2\/posts\/51910","targetHints":{"allow":["GET"]}}],"collection":[{"href":"https:\/\/haberbesiktas.tr\/index.php?rest_route=\/wp\/v2\/posts"}],"about":[{"href":"https:\/\/haberbesiktas.tr\/index.php?rest_route=\/wp\/v2\/types\/post"}],"author":[{"embeddable":true,"href":"https:\/\/haberbesiktas.tr\/index.php?rest_route=\/wp\/v2\/users\/1"}],"replies":[{"embeddable":true,"href":"https:\/\/haberbesiktas.tr\/index.php?rest_route=%2Fwp%2Fv2%2Fcomments&post=51910"}],"version-history":[{"count":1,"href":"https:\/\/haberbesiktas.tr\/index.php?rest_route=\/wp\/v2\/posts\/51910\/revisions"}],"predecessor-version":[{"id":51912,"href":"https:\/\/haberbesiktas.tr\/index.php?rest_route=\/wp\/v2\/posts\/51910\/revisions\/51912"}],"wp:featuredmedia":[{"embeddable":true,"href":"https:\/\/haberbesiktas.tr\/index.php?rest_route=\/wp\/v2\/media\/51911"}],"wp:attachment":[{"href":"https:\/\/haberbesiktas.tr\/index.php?rest_route=%2Fwp%2Fv2%2Fmedia&parent=51910"}],"wp:term":[{"taxonomy":"category","embeddable":true,"href":"https:\/\/haberbesiktas.tr\/index.php?rest_route=%2Fwp%2Fv2%2Fcategories&post=51910"},{"taxonomy":"post_tag","embeddable":true,"href":"https:\/\/haberbesiktas.tr\/index.php?rest_route=%2Fwp%2Fv2%2Ftags&post=51910"}],"curies":[{"name":"wp","href":"https:\/\/api.w.org\/{rel}","templated":true}]}}