{"id":51913,"date":"2026-01-22T06:48:05","date_gmt":"2026-01-22T06:48:05","guid":{"rendered":"https:\/\/haberbesiktas.tr\/?p=51913"},"modified":"2026-01-22T06:48:05","modified_gmt":"2026-01-22T06:48:05","slug":"besiktasta-120-milyon-euro-buhar-oldu","status":"publish","type":"post","link":"https:\/\/haberbesiktas.tr\/?p=51913","title":{"rendered":"Be\u015fikta\u015f&#8217;ta 120 milyon euro buhar oldu!"},"content":{"rendered":"<div>\n<p>Be\u015fikta\u015f son y\u0131llarda altyap\u0131s\u0131ndan yeti\u015ftirdi\u011fi oyuncular\u0131 Avrupa&#8217;ya g\u00f6nderirken, A Ekip i\u00e7in yap\u0131lan transfer harcamalar\u0131yla adeta kendi aya\u011f\u0131na s\u0131k\u0131yor. <\/p>\n<p>Siyah beyazl\u0131lar 2022-23 d\u00f6neminden bu yana \u00f6zkaynak nizam\u0131ndan yeti\u015fen <strong>Serdar Saat\u00e7\u0131, Emirhan \u0130lkhan, R\u0131dvan Y\u0131lmaz, Semih K\u0131l\u0131\u00e7soy<\/strong> ve son olarak<strong> Demir Ege T\u0131knaz&#8217;\u0131<\/strong> Avrupa&#8217;ya u\u011furlad\u0131.<\/p>\n<p>Son y\u0131llarda altyap\u0131dan \u00e7\u0131kan be\u015f &#8220;Yavru Kartal&#8221;dan toplam 18,9 milyon euro gelir elde edilirken madalyonun \u00f6b\u00fcr y\u00fcz\u00fc \u00e7ok daha \u00e7arp\u0131c\u0131. T\u0131pk\u0131 periyotta Be\u015fikta\u015f&#8217;\u0131n 2022-23, 2023-24 ve 2024-25 periyodundaki transferlere harcad\u0131\u011f\u0131 toplam say\u0131 133,5 milyon euro.<\/p>\n<p> <strong>T\u00dcRK GEN\u00c7LER\u0130NE \u0130NAN\u00c7 YOK<\/strong><\/p>\n<p> \u00dcstelik son yaz transfer devrine kadar yap\u0131lan 37 transferden yaln\u0131zca \u00fc\u00e7\u00fc \u015fimdiki tak\u0131mda yer al\u0131yor: <strong>Milot Rashica, Felix Uduokhai ve Emirhan Top\u00e7u<\/strong>. Bu \u00fc\u00e7 ismin Be\u015fikta\u015f&#8217;a toplam maliyeti 13,6 milyon euro. Geriye kalan yakla\u015f\u0131k 120 milyon euro adeta \u00e7\u00f6pe giti. <\/p>\n<p>\u00d6zkaynak sisteminden yeti\u015fen T\u00fcrk gen\u00e7lerine g\u00fcvenilmiyor ve d\u00fc\u015f\u00fck say\u0131lara Avrupa&#8217;ya g\u00f6nderiliyor. Yetmiyor, iki d\u00f6nem sonra performans\u0131 d\u00fc\u015fecek, oynamayacak ya da tak\u0131mda dahi olmayacak futbolcular i\u00e7in milyonlarca euro harcan\u0131yor. \u00dcstelik her y\u0131l Bankalar Birli\u011fi&#8217;ne yakla\u015f\u0131k 50 milyon euro \u00f6deme yap\u0131l\u0131rken&#8230;\u00a0 <\/p>\n<p> <strong>BA\u015eKAN SERDAL ADALI TABLONUN FARKINDA<\/strong><\/p>\n<p> Be\u015fikta\u015f&#8217;taki transferlerin gecikmesinin sebebi de son devirde ortaya \u00e7\u0131kan tablo. Lider Serdal Adal\u0131 son y\u0131llarda daima ya\u015fanan se\u00e7imlerle birlikte ortaya \u00e7\u0131kan bu savurganl\u0131\u011f\u0131n fark\u0131nda. Siyah beyazl\u0131 idarenin art\u0131k transferlerde mukavele kaidelerinin b\u00fcsb\u00fct\u00fcn Be\u015fikta\u015f&#8217;\u0131n lehine olmas\u0131 i\u00e7in a\u011f\u0131r gayret sarfetti\u011fi \u00f6\u011frenildi.\u00a0<\/p>\n<\/div>\n","protected":false},"excerpt":{"rendered":"<p>Be\u015fikta\u015f, altyap\u0131dan yeti\u015fen oyuncular\u0131 d\u00fc\u015f\u00fck bedellerle Avrupa&#8217;ya g\u00f6nderirken son \u00fc\u00e7 d\u00f6nemde 120 milyon euro harcad\u0131\u011f\u0131 transferlerin b\u00fcy\u00fck k\u0131sm\u0131 tak\u0131mda tutunamad\u0131.<\/p>\n","protected":false},"author":1,"featured_media":51914,"comment_status":"open","ping_status":"open","sticky":false,"template":"","format":"standard","meta":{"footnotes":""},"categories":[25],"tags":[71,131,48],"class_list":["post-51913","post","type-post","status-publish","format-standard","has-post-thumbnail","hentry","category-futbol","tag-besiktas","tag-milyon-euro","tag-transfer"],"_links":{"self":[{"href":"https:\/\/haberbesiktas.tr\/index.php?rest_route=\/wp\/v2\/posts\/51913","targetHints":{"allow":["GET"]}}],"collection":[{"href":"https:\/\/haberbesiktas.tr\/index.php?rest_route=\/wp\/v2\/posts"}],"about":[{"href":"https:\/\/haberbesiktas.tr\/index.php?rest_route=\/wp\/v2\/types\/post"}],"author":[{"embeddable":true,"href":"https:\/\/haberbesiktas.tr\/index.php?rest_route=\/wp\/v2\/users\/1"}],"replies":[{"embeddable":true,"href":"https:\/\/haberbesiktas.tr\/index.php?rest_route=%2Fwp%2Fv2%2Fcomments&post=51913"}],"version-history":[{"count":1,"href":"https:\/\/haberbesiktas.tr\/index.php?rest_route=\/wp\/v2\/posts\/51913\/revisions"}],"predecessor-version":[{"id":51915,"href":"https:\/\/haberbesiktas.tr\/index.php?rest_route=\/wp\/v2\/posts\/51913\/revisions\/51915"}],"wp:featuredmedia":[{"embeddable":true,"href":"https:\/\/haberbesiktas.tr\/index.php?rest_route=\/wp\/v2\/media\/51914"}],"wp:attachment":[{"href":"https:\/\/haberbesiktas.tr\/index.php?rest_route=%2Fwp%2Fv2%2Fmedia&parent=51913"}],"wp:term":[{"taxonomy":"category","embeddable":true,"href":"https:\/\/haberbesiktas.tr\/index.php?rest_route=%2Fwp%2Fv2%2Fcategories&post=51913"},{"taxonomy":"post_tag","embeddable":true,"href":"https:\/\/haberbesiktas.tr\/index.php?rest_route=%2Fwp%2Fv2%2Ftags&post=51913"}],"curies":[{"name":"wp","href":"https:\/\/api.w.org\/{rel}","templated":true}]}}