{"id":52029,"date":"2026-01-22T15:12:05","date_gmt":"2026-01-22T15:12:05","guid":{"rendered":"https:\/\/haberbesiktas.tr\/?p=52029"},"modified":"2026-01-22T15:12:05","modified_gmt":"2026-01-22T15:12:05","slug":"1-ligde-22-haftanin-hakemleri-belli-oldu","status":"publish","type":"post","link":"https:\/\/haberbesiktas.tr\/?p=52029","title":{"rendered":"1. Lig&#8217;de 22. haftan\u0131n hakemleri belli oldu!"},"content":{"rendered":"<div>\n<p>Trendyol 1. Lig&#8217;de 22. hafta kar\u015f\u0131la\u015fmalar\u0131n\u0131 y\u00f6netecek hakemler belirli oldu.\u00a0<\/p>\n<p> T\u00fcrkiye Futbol Federasyonu Merkez Hakem \u015euras\u0131n\u0131n a\u00e7\u0131klamas\u0131na g\u00f6re ligde 22. hafta ma\u00e7lar\u0131nda d\u00fcd\u00fck \u00e7alacak hakemler \u015funlar:<\/p>\n<p> <strong>23 oOcak Cuma:<\/strong> <\/p>\n<p> 20.00 Adana Demirspor-Band\u0131rmaspor: Asen Albayrak<\/p>\n<p> <strong>24 Ocak Cumartesi:<\/strong><\/p>\n<p> 13.30 Serikspor-Esenler Erokspor: Fatih Tokail<\/p>\n<p> 13.30 Emre G\u00f6kdemir \u0130n\u015faat Ankara Ke\u00e7i\u00f6rg\u00fcc\u00fc-Boluspor: O\u011fuzhan \u00c7ak\u0131r<\/p>\n<p> 16.00 \u0130maj Altyap\u0131 Vanspor-Alag\u00f6z Holding I\u011fd\u0131r FK: Ozan Erg<\/p>\n<p> 19.00 Atko K\u00fcme Pendikspor-Erzurumspor FK: Ayberk Demir\u015f<\/p>\n<p> <strong>25 Ocak Pazar:<\/strong><\/p>\n<p> 13.30 Ataka\u015f Hatayspor-Eminevim \u00dcmraniyespor: Yusuf Ziya G\u00fcnd\u00fcz<\/p>\n<p> 13.30 SMS K\u00fcme Sar\u0131yer-Arca \u00c7orum FK: Hakan \u00dclker<\/p>\n<p> 16.00 \u00d6zbelsan Sivasspor-Amed Sportif Faaliyetler: Alper Akarsu<\/p>\n<p> 19.00 Manisa FK-\u0130stanbulspor: Alpaslan \u015een<\/p>\n<p> <strong>26 Ocak Pazartesi:<\/strong><\/p>\n<p> 20.00 Sakaryaspor-Sipay Bodrum FK: Davut Dakul \u00c7elik<\/p>\n<p> Muhabir:Ceren Ayd\u0131nonat<\/p>\n<p> Yay\u0131nlay<\/p>\n<\/div>\n","protected":false},"excerpt":{"rendered":"<p>1. Lig&#8217;de 22. hafta kar\u015f\u0131la\u015fmalar\u0131n\u0131 y\u00f6netecek hakemler a\u015fik\u00e2r oldu.<\/p>\n","protected":false},"author":1,"featured_media":52030,"comment_status":"open","ping_status":"open","sticky":false,"template":"","format":"standard","meta":{"footnotes":""},"categories":[25],"tags":[],"class_list":["post-52029","post","type-post","status-publish","format-standard","has-post-thumbnail","hentry","category-futbol"],"_links":{"self":[{"href":"https:\/\/haberbesiktas.tr\/index.php?rest_route=\/wp\/v2\/posts\/52029","targetHints":{"allow":["GET"]}}],"collection":[{"href":"https:\/\/haberbesiktas.tr\/index.php?rest_route=\/wp\/v2\/posts"}],"about":[{"href":"https:\/\/haberbesiktas.tr\/index.php?rest_route=\/wp\/v2\/types\/post"}],"author":[{"embeddable":true,"href":"https:\/\/haberbesiktas.tr\/index.php?rest_route=\/wp\/v2\/users\/1"}],"replies":[{"embeddable":true,"href":"https:\/\/haberbesiktas.tr\/index.php?rest_route=%2Fwp%2Fv2%2Fcomments&post=52029"}],"version-history":[{"count":1,"href":"https:\/\/haberbesiktas.tr\/index.php?rest_route=\/wp\/v2\/posts\/52029\/revisions"}],"predecessor-version":[{"id":52031,"href":"https:\/\/haberbesiktas.tr\/index.php?rest_route=\/wp\/v2\/posts\/52029\/revisions\/52031"}],"wp:featuredmedia":[{"embeddable":true,"href":"https:\/\/haberbesiktas.tr\/index.php?rest_route=\/wp\/v2\/media\/52030"}],"wp:attachment":[{"href":"https:\/\/haberbesiktas.tr\/index.php?rest_route=%2Fwp%2Fv2%2Fmedia&parent=52029"}],"wp:term":[{"taxonomy":"category","embeddable":true,"href":"https:\/\/haberbesiktas.tr\/index.php?rest_route=%2Fwp%2Fv2%2Fcategories&post=52029"},{"taxonomy":"post_tag","embeddable":true,"href":"https:\/\/haberbesiktas.tr\/index.php?rest_route=%2Fwp%2Fv2%2Ftags&post=52029"}],"curies":[{"name":"wp","href":"https:\/\/api.w.org\/{rel}","templated":true}]}}