{"id":52041,"date":"2026-01-22T16:00:07","date_gmt":"2026-01-22T16:00:07","guid":{"rendered":"https:\/\/haberbesiktas.tr\/?p=52041"},"modified":"2026-01-22T16:00:07","modified_gmt":"2026-01-22T16:00:07","slug":"galatasaray-noa-lang-icin-son-onayi-bekliyor","status":"publish","type":"post","link":"https:\/\/haberbesiktas.tr\/?p=52041","title":{"rendered":"Galatasaray, Noa Lang i\u00e7in son onay\u0131 bekliyor"},"content":{"rendered":"<div>\n<div>\u015eampiyonlar Ligi&#8217;nde birinci 24 amac\u0131nda ilerleyen Galatasaray orta transfer periyodunu pek a\u011f\u0131r ge\u00e7iriyor.<\/div>\n<div>\u00a0<\/div>\n<div>Fabrizio Romano&#8217;nun aktard\u0131\u011f\u0131na nazaran sar\u0131-k\u0131rm\u0131z\u0131l\u0131lar, Napoli ile Noa Lang&#8217;\u0131n kiral\u0131k transferi i\u00e7in mutabakat sa\u011flad\u0131.<\/div>\n<div>\u00a0<\/div>\n<div>Haberin devam\u0131na nazaran Galatasaray, \u0130talyan kul\u00fcb\u00fcne 2 milyon Euro kiralama fiyat\u0131 \u00f6deyecek. \u00d6te yandan Hollandal\u0131 y\u0131ld\u0131z\u0131n sat\u0131n alma opsiyonu ise 30 milyon Euro olarak belirlendi.<\/p>\n<p><strong>GALATASARAY, SON ONAYI BEKL\u0130YOR<\/strong><\/div>\n<div>\u00a0<\/div>\n<div>Ancak transferin resmiyet kazanmas\u0131 i\u00e7in Napoli&#8217;den gelecek onay bekleniyor. <\/p>\n<p>Di Marzio&#8217;nun haberine nazaran; Sar\u0131-K\u0131rm\u0131z\u0131l\u0131lar imzal\u0131 dok\u00fcmanlar\u0131 \u0130talyan kul\u00fcbe iletmi\u015f olsa da, Napoli teknik y\u00f6neticisi Antonio Conte&#8217;nin 25 Ocak&#8217;taki Juventus ma\u00e7\u0131nda Lang&#8217;a gereksinim duyabilece\u011fi gerek\u00e7esiyle oyuncunun ayr\u0131l\u0131\u011f\u0131na \u015fimdi onay vermedi. <\/p>\n<p>Anla\u015fmada yer alan ba\u015fka ko\u015fullar\u0131n \u00f6n\u00fcm\u00fczdeki g\u00fcnlerde netlik kazanmas\u0131 bekleniyor.<br \/> <strong>NOA LANG&#8217;IN PERFORMANSI<\/strong><\/p>\n<p> Noa Lang, d\u00f6nem ba\u015f\u0131nda 25 milyon Euro kar\u015f\u0131l\u0131\u011f\u0131nda PSV&#8217;den transfer oldu\u011fu Napoli ile 27 ma\u00e7ta m\u00fcddet ald\u0131.<\/p>\n<p> Hollandal\u0131 y\u0131ld\u0131z, 1 gol ve 2 asistlik bir performans sergiledi. <\/p>\n<p> <strong>S\u00d6ZLE\u015eMES\u0130 2030&#8217;A KADAR<\/strong><\/p>\n<p> Lang&#8217;in \u0130talyan grubuyla olan mukavelesi 2030 y\u0131l\u0131na kadar devam ediyor.<\/p>\n<p> <strong>P\u0130YASA PAHASI 25 M\u0130LYON EURO<\/strong><\/p>\n<p> 26 ya\u015f\u0131ndaki oyuncunun akt\u00fcel piyasa bedeliyse 25 milyon Euro.\u00a0\u00a0<\/p>\n<\/div><\/div>\n","protected":false},"excerpt":{"rendered":"<p>Galatasaray, Noa Lang&#8217;\u0131 kiralamak i\u00e7in Napoli ile anla\u015fsa da, oyuncunun 25 Ocak&#8217;taki Juventus ma\u00e7\u0131 nedeniyle \u0130talyan kul\u00fcb\u00fcnden onay bekliyor.<\/p>\n","protected":false},"author":1,"featured_media":52042,"comment_status":"open","ping_status":"open","sticky":false,"template":"","format":"standard","meta":{"footnotes":""},"categories":[25],"tags":[131],"class_list":["post-52041","post","type-post","status-publish","format-standard","has-post-thumbnail","hentry","category-futbol","tag-milyon-euro"],"_links":{"self":[{"href":"https:\/\/haberbesiktas.tr\/index.php?rest_route=\/wp\/v2\/posts\/52041","targetHints":{"allow":["GET"]}}],"collection":[{"href":"https:\/\/haberbesiktas.tr\/index.php?rest_route=\/wp\/v2\/posts"}],"about":[{"href":"https:\/\/haberbesiktas.tr\/index.php?rest_route=\/wp\/v2\/types\/post"}],"author":[{"embeddable":true,"href":"https:\/\/haberbesiktas.tr\/index.php?rest_route=\/wp\/v2\/users\/1"}],"replies":[{"embeddable":true,"href":"https:\/\/haberbesiktas.tr\/index.php?rest_route=%2Fwp%2Fv2%2Fcomments&post=52041"}],"version-history":[{"count":1,"href":"https:\/\/haberbesiktas.tr\/index.php?rest_route=\/wp\/v2\/posts\/52041\/revisions"}],"predecessor-version":[{"id":52043,"href":"https:\/\/haberbesiktas.tr\/index.php?rest_route=\/wp\/v2\/posts\/52041\/revisions\/52043"}],"wp:featuredmedia":[{"embeddable":true,"href":"https:\/\/haberbesiktas.tr\/index.php?rest_route=\/wp\/v2\/media\/52042"}],"wp:attachment":[{"href":"https:\/\/haberbesiktas.tr\/index.php?rest_route=%2Fwp%2Fv2%2Fmedia&parent=52041"}],"wp:term":[{"taxonomy":"category","embeddable":true,"href":"https:\/\/haberbesiktas.tr\/index.php?rest_route=%2Fwp%2Fv2%2Fcategories&post=52041"},{"taxonomy":"post_tag","embeddable":true,"href":"https:\/\/haberbesiktas.tr\/index.php?rest_route=%2Fwp%2Fv2%2Ftags&post=52041"}],"curies":[{"name":"wp","href":"https:\/\/api.w.org\/{rel}","templated":true}]}}