{"id":52047,"date":"2026-01-22T16:24:09","date_gmt":"2026-01-22T16:24:09","guid":{"rendered":"https:\/\/haberbesiktas.tr\/?p=52047"},"modified":"2026-01-22T16:24:09","modified_gmt":"2026-01-22T16:24:09","slug":"juventus-youssef-en-nesyri-icin-istanbula-geldi","status":"publish","type":"post","link":"https:\/\/haberbesiktas.tr\/?p=52047","title":{"rendered":"Juventus, Youssef En Nesyri i\u00e7in \u0130stanbul&#8217;a geldi!"},"content":{"rendered":"<div>\n<p>\u0130talyan devi Juventus, Fenerbah\u00e7e formas\u0131 giyen Youssef En-Nesyri i\u00e7in harekete ge\u00e7ti.<\/p>\n<p> <span><em><strong>Ya\u011f\u0131z Sabuncuo\u011flu&#8217;nun haberine nazaran,<\/strong> <\/em><\/span>Juventus Sportif Y\u00f6neticisi Marco Ottolini, Fasl\u0131 golc\u00fcn\u00fcn transferiyle ilgili g\u00f6r\u00fc\u015fmeler yapmak \u00fczere \u0130stanbul&#8217;a geldi.<\/p>\n<p>Juventus cephesinin, En-Nesyri&#8217;nin durumu hakk\u0131nda Fenerbah\u00e7e idaresiyle y\u00fcz y\u00fcze temas kuraca\u011f\u0131 ve transfer ko\u015fullar\u0131n\u0131 masaya yat\u0131raca\u011f\u0131 belirtiliyor.<\/p>\n<p><strong>PERFORMANSI<\/strong><\/p>\n<p>Bu d\u00f6nem sar\u0131 lacivertli formayla 25 ma\u00e7a \u00e7\u0131kan En Nesyri, 8 gol 1 asistlik performans sergiledi.<\/p>\n<\/div>\n","protected":false},"excerpt":{"rendered":"<p>Juventus Sportif Y\u00f6neticisi Marco Ottolini, Youssef En-Nesyri ve Fenerbah\u00e7e ile g\u00f6r\u00fc\u015fmek i\u00e7in \u0130stanbul&#8217;a geldi.<\/p>\n","protected":false},"author":1,"featured_media":52048,"comment_status":"open","ping_status":"open","sticky":false,"template":"","format":"standard","meta":{"footnotes":""},"categories":[25],"tags":[],"class_list":["post-52047","post","type-post","status-publish","format-standard","has-post-thumbnail","hentry","category-futbol"],"_links":{"self":[{"href":"https:\/\/haberbesiktas.tr\/index.php?rest_route=\/wp\/v2\/posts\/52047","targetHints":{"allow":["GET"]}}],"collection":[{"href":"https:\/\/haberbesiktas.tr\/index.php?rest_route=\/wp\/v2\/posts"}],"about":[{"href":"https:\/\/haberbesiktas.tr\/index.php?rest_route=\/wp\/v2\/types\/post"}],"author":[{"embeddable":true,"href":"https:\/\/haberbesiktas.tr\/index.php?rest_route=\/wp\/v2\/users\/1"}],"replies":[{"embeddable":true,"href":"https:\/\/haberbesiktas.tr\/index.php?rest_route=%2Fwp%2Fv2%2Fcomments&post=52047"}],"version-history":[{"count":1,"href":"https:\/\/haberbesiktas.tr\/index.php?rest_route=\/wp\/v2\/posts\/52047\/revisions"}],"predecessor-version":[{"id":52049,"href":"https:\/\/haberbesiktas.tr\/index.php?rest_route=\/wp\/v2\/posts\/52047\/revisions\/52049"}],"wp:featuredmedia":[{"embeddable":true,"href":"https:\/\/haberbesiktas.tr\/index.php?rest_route=\/wp\/v2\/media\/52048"}],"wp:attachment":[{"href":"https:\/\/haberbesiktas.tr\/index.php?rest_route=%2Fwp%2Fv2%2Fmedia&parent=52047"}],"wp:term":[{"taxonomy":"category","embeddable":true,"href":"https:\/\/haberbesiktas.tr\/index.php?rest_route=%2Fwp%2Fv2%2Fcategories&post=52047"},{"taxonomy":"post_tag","embeddable":true,"href":"https:\/\/haberbesiktas.tr\/index.php?rest_route=%2Fwp%2Fv2%2Ftags&post=52047"}],"curies":[{"name":"wp","href":"https:\/\/api.w.org\/{rel}","templated":true}]}}