{"id":52086,"date":"2026-01-22T18:48:06","date_gmt":"2026-01-22T18:48:06","guid":{"rendered":"https:\/\/haberbesiktas.tr\/?p=52086"},"modified":"2026-01-22T18:48:06","modified_gmt":"2026-01-22T18:48:06","slug":"ronaldinho-ben-ne-zaman-yaslandim","status":"publish","type":"post","link":"https:\/\/haberbesiktas.tr\/?p=52086","title":{"rendered":"Ronaldinho: &#8220;Ben ne zaman ya\u015fland\u0131m?&#8221;"},"content":{"rendered":"<div>Barcelona ve futbol tarihinin unutulmaz isimlerinden Ronaldinho, mesle\u011finin en \u00f6zel periyotlar\u0131ndan biri olan Barcelona g\u00fcnlerine dair duygusal a\u00e7\u0131klamalarda bulundu.<\/p>\n<p> Brezilyal\u0131 efsane, vaktin ne kadar s\u00fcratli ge\u00e7ti\u011fine inanamad\u0131\u011f\u0131n\u0131 lisana getirerek, kimi geceler yata\u011fa yatt\u0131\u011f\u0131nda ya\u015fland\u0131\u011f\u0131n\u0131 fark edemedi\u011fini s\u00f6yledi. Ronaldinho, bilhassa Camp Nou&#8217;da cumartesi g\u00fcnleri alana \u00e7\u0131kt\u0131\u011f\u0131 anlar\u0131 ve Barcelona formas\u0131yla oynad\u0131\u011f\u0131 La Liga ma\u00e7lar\u0131n\u0131 asla unutmad\u0131\u011f\u0131n\u0131 vurgulad\u0131.<\/p>\n<p> Efsane futbolcu, Real Madrid&#8217;e kar\u015f\u0131 oynanan El Clasico&#8217;lar\u0131n da haf\u0131zas\u0131nda silinmez bir yer tuttu\u011funu belirterek, bu m\u00fcsabakalar\u0131n hayat\u0131ndaki en \u00f6zel anlardan biri oldu\u011funu s\u00f6z etti.<\/p>\n<p><strong>&#8220;D\u00dcNYANIN EN KEY\u0130FL\u0130 \u0130NSANIYDIM!&#8221;<\/strong> <\/p>\n<p> Barcelona&#8217;da forma giydi\u011fi devirde d\u00fcnyan\u0131n en memnun insan\u0131 oldu\u011funu s\u00f6yleyen Ronaldinho, <strong>&#8220;Bar\u00e7a&#8217;da oynad\u0131\u011f\u0131m devirde d\u00fcnyan\u0131n en memnun insan\u0131yd\u0131m. Yaln\u0131zca bu renkler alt\u0131nda futbol oynamak istiyordum. Be\u015ferler her \u00e7al\u0131mda, her r\u00f6ve\u015fatada ya da rabonada beni alk\u0131\u015flad\u0131\u011f\u0131nda\u2026 Bu farkl\u0131, b\u00fcy\u00fcl\u00fc bir histi.&#8221;<\/strong> diye konu\u015ftu.<\/p>\n<p> Ronaldinho, <strong>&#8220;Tarihin en b\u00fcy\u00fck kul\u00fcplerinden biriyle ya\u015fad\u0131\u011f\u0131m o ho\u015f anlar\u0131 d\u00fc\u015f\u00fcnd\u00fc\u011f\u00fcmde h\u00fcz\u00fcnden a\u011fl\u0131yorum&#8221;<\/strong> kelamlar\u0131yla hislerini payla\u015ft\u0131.<\/p>\n<p> Brezilyal\u0131 y\u0131ld\u0131z, Barcelona&#8217;ya olan ba\u011fl\u0131l\u0131\u011f\u0131n\u0131 ise \u015fu s\u00f6zlerle noktalad\u0131: <strong>&#8220;\u00d6lene kadar kalbim Barcelona&#8217;ya ili\u015fkin olacak.&#8221;<\/strong><\/p>\n<\/div>\n","protected":false},"excerpt":{"rendered":"<p>Futbol tarihine ismini alt\u0131n harflerle yazd\u0131ran Ronaldinho, Barcelona formas\u0131 giydi\u011fi devirle ilgili konu\u015ftu<\/p>\n","protected":false},"author":1,"featured_media":52087,"comment_status":"open","ping_status":"open","sticky":false,"template":"","format":"standard","meta":{"footnotes":""},"categories":[25],"tags":[307],"class_list":["post-52086","post","type-post","status-publish","format-standard","has-post-thumbnail","hentry","category-futbol","tag-barcelona"],"_links":{"self":[{"href":"https:\/\/haberbesiktas.tr\/index.php?rest_route=\/wp\/v2\/posts\/52086","targetHints":{"allow":["GET"]}}],"collection":[{"href":"https:\/\/haberbesiktas.tr\/index.php?rest_route=\/wp\/v2\/posts"}],"about":[{"href":"https:\/\/haberbesiktas.tr\/index.php?rest_route=\/wp\/v2\/types\/post"}],"author":[{"embeddable":true,"href":"https:\/\/haberbesiktas.tr\/index.php?rest_route=\/wp\/v2\/users\/1"}],"replies":[{"embeddable":true,"href":"https:\/\/haberbesiktas.tr\/index.php?rest_route=%2Fwp%2Fv2%2Fcomments&post=52086"}],"version-history":[{"count":1,"href":"https:\/\/haberbesiktas.tr\/index.php?rest_route=\/wp\/v2\/posts\/52086\/revisions"}],"predecessor-version":[{"id":52088,"href":"https:\/\/haberbesiktas.tr\/index.php?rest_route=\/wp\/v2\/posts\/52086\/revisions\/52088"}],"wp:featuredmedia":[{"embeddable":true,"href":"https:\/\/haberbesiktas.tr\/index.php?rest_route=\/wp\/v2\/media\/52087"}],"wp:attachment":[{"href":"https:\/\/haberbesiktas.tr\/index.php?rest_route=%2Fwp%2Fv2%2Fmedia&parent=52086"}],"wp:term":[{"taxonomy":"category","embeddable":true,"href":"https:\/\/haberbesiktas.tr\/index.php?rest_route=%2Fwp%2Fv2%2Fcategories&post=52086"},{"taxonomy":"post_tag","embeddable":true,"href":"https:\/\/haberbesiktas.tr\/index.php?rest_route=%2Fwp%2Fv2%2Ftags&post=52086"}],"curies":[{"name":"wp","href":"https:\/\/api.w.org\/{rel}","templated":true}]}}