{"id":52233,"date":"2026-01-23T07:48:05","date_gmt":"2026-01-23T07:48:05","guid":{"rendered":"https:\/\/haberbesiktas.tr\/?p=52233"},"modified":"2026-01-23T07:48:05","modified_gmt":"2026-01-23T07:48:05","slug":"galatasarayda-kart-alarmi","status":"publish","type":"post","link":"https:\/\/haberbesiktas.tr\/?p=52233","title":{"rendered":"Galatasaray&#8217;da kart alarm\u0131"},"content":{"rendered":"<div>Galatasaray, \u00dcst\u00fcn Lig&#8217;in 19. haftas\u0131nda cumartesi g\u00fcn\u00fc Fatih Karag\u00fcmr\u00fck ile deplasmanda kar\u015f\u0131la\u015facak.<\/p>\n<p> Galatasaray&#8217;da 4 futbolcu sar\u0131 kart ceza hududunda bulunuyor.<\/p>\n<p> Bu d\u00f6nem forma giydi\u011fi ma\u00e7larda \u00fc\u00e7er kere sar\u0131 kartla cezaland\u0131r\u0131lan Bar\u0131\u015f Alper Y\u0131lmaz, Mario Lemina, Abd\u00fclkerim Bardakc\u0131 ve Kaz\u0131mcan Karata\u015f, Fatih Karag\u00fcmr\u00fck kar\u015f\u0131la\u015fmas\u0131na ceza hududunda \u00e7\u0131kacak.<\/p>\n<p> Bu futbolcular, Karag\u00fcmr\u00fck ma\u00e7\u0131nda sar\u0131 kart g\u00f6rmeleri durumunda 20. haftadaki Zecorner Kayserispor u\u011fra\u015f\u0131nda forma giyemeyecek.<\/p>\n<\/div>\n","protected":false},"excerpt":{"rendered":"<p>Galatasaray&#8217;da; Bar\u0131\u015f Alper Y\u0131lmaz, Abd\u00fclkerim Bardakc\u0131, Mario Lemina ve Kaz\u0131mcan Karata\u015f, Fatih Karag\u00fcmr\u00fck ma\u00e7\u0131 \u00f6ncesi kart hududunda yer al\u0131yor.<\/p>\n","protected":false},"author":1,"featured_media":52234,"comment_status":"open","ping_status":"open","sticky":false,"template":"","format":"standard","meta":{"footnotes":""},"categories":[25],"tags":[],"class_list":["post-52233","post","type-post","status-publish","format-standard","has-post-thumbnail","hentry","category-futbol"],"_links":{"self":[{"href":"https:\/\/haberbesiktas.tr\/index.php?rest_route=\/wp\/v2\/posts\/52233","targetHints":{"allow":["GET"]}}],"collection":[{"href":"https:\/\/haberbesiktas.tr\/index.php?rest_route=\/wp\/v2\/posts"}],"about":[{"href":"https:\/\/haberbesiktas.tr\/index.php?rest_route=\/wp\/v2\/types\/post"}],"author":[{"embeddable":true,"href":"https:\/\/haberbesiktas.tr\/index.php?rest_route=\/wp\/v2\/users\/1"}],"replies":[{"embeddable":true,"href":"https:\/\/haberbesiktas.tr\/index.php?rest_route=%2Fwp%2Fv2%2Fcomments&post=52233"}],"version-history":[{"count":1,"href":"https:\/\/haberbesiktas.tr\/index.php?rest_route=\/wp\/v2\/posts\/52233\/revisions"}],"predecessor-version":[{"id":52235,"href":"https:\/\/haberbesiktas.tr\/index.php?rest_route=\/wp\/v2\/posts\/52233\/revisions\/52235"}],"wp:featuredmedia":[{"embeddable":true,"href":"https:\/\/haberbesiktas.tr\/index.php?rest_route=\/wp\/v2\/media\/52234"}],"wp:attachment":[{"href":"https:\/\/haberbesiktas.tr\/index.php?rest_route=%2Fwp%2Fv2%2Fmedia&parent=52233"}],"wp:term":[{"taxonomy":"category","embeddable":true,"href":"https:\/\/haberbesiktas.tr\/index.php?rest_route=%2Fwp%2Fv2%2Fcategories&post=52233"},{"taxonomy":"post_tag","embeddable":true,"href":"https:\/\/haberbesiktas.tr\/index.php?rest_route=%2Fwp%2Fv2%2Ftags&post=52233"}],"curies":[{"name":"wp","href":"https:\/\/api.w.org\/{rel}","templated":true}]}}