{"id":52236,"date":"2026-01-23T08:00:07","date_gmt":"2026-01-23T08:00:07","guid":{"rendered":"https:\/\/haberbesiktas.tr\/?p=52236"},"modified":"2026-01-23T08:00:07","modified_gmt":"2026-01-23T08:00:07","slug":"besiktastan-el-bilal-toure-karari","status":"publish","type":"post","link":"https:\/\/haberbesiktas.tr\/?p=52236","title":{"rendered":"Be\u015fikta\u015f&#8217;tan El Bilal Toure karar\u0131!"},"content":{"rendered":"<div>\n<p>Be\u015fikta\u015f&#8217;ta son ma\u00e7larda att\u0131\u011f\u0131 gollerle siyah- beyazl\u0131 taraftarlar\u0131n g\u00f6nl\u00fcnde taht kuran El Bilal Toure&#8217;nin gelece\u011fi netlik kazand\u0131.<\/p>\n<p> Teknik heyet ve y\u00f6netim kurulu, gerek u\u011fra\u015f\u0131 gerek skora tesir eden oyunuyla Malili forvetin performans\u0131ndan son derece \u015fad. Kronik sorun ve \u00f6nemli bir sakatl\u0131k ya\u015famamas\u0131 halinde 24 ya\u015f\u0131ndaki golc\u00fcn\u00fcn Atalanta&#8217;dan tapusunun al\u0131nmas\u0131na kesin g\u00f6z\u00fcyle bak\u0131l\u0131yor.<\/p>\n<p> <strong>SERGEN YAL\u00c7IN: &#8220;BONSERV\u0130S\u0130 ALINSIN&#8221;<\/strong> <\/p>\n<p> \u015eayet El Bilal Toure d\u00f6nem boyunca kalan resmi ma\u00e7larda 15 gol baraj\u0131na ula\u015f\u0131rsa, 15 milyon euroluk sat\u0131n alma opsiyonu idare karar\u0131na gerek kalmadan otomatikman devreye girecek.<\/p>\n<p> Teknik y\u00f6netici Sergen Yal\u00e7\u0131n&#8217;\u0131n birinci 11&#8217;de banko oynatt\u0131\u011f\u0131 siyah beyazl\u0131 futbolcu i\u00e7in<strong> &#8216;Bonservisi al\u0131ns\u0131n&#8217;<\/strong> raporu verdi\u011fi aktar\u0131ld\u0131. Ekip arkada\u015flar\u0131yla g\u00fc\u00e7l\u00fc ba\u011flar\u0131 ile dikkat \u00e7eken Malili oyuncu, idmanlardaki \u00e7al\u0131\u015fkan ve h\u0131rsl\u0131 imaj\u0131yla alk\u0131\u015f topluyor.<\/p>\n<p> <strong>OPS\u0130YONA 9 GOL KALDI<\/strong><\/p>\n<p> Teknik y\u00f6netici Sergen Yal\u00e7\u0131n&#8217;\u0131n genelde sol kanatta misyon verdi\u011fi El Bilal Toure&#8217;nin Afrika Kupas\u0131&#8217;ndan d\u00f6n\u00fc\u015f\u00fc harika oldu. T\u00fcrkiye Kupas\u0131&#8217;nda Ke\u00e7ir\u00f6reng\u00fcc\u00fc ve S\u00fcper Lig&#8217;de Kayserispor kar\u015f\u0131la\u015fmalar\u0131nda a\u011flar\u0131 sarsan 24 ya\u015f\u0131ndaki y\u0131ld\u0131z, siyah- beyazl\u0131 forma alt\u0131nda gol say\u0131s\u0131n\u0131 6&#8217;ya y\u00fckseltti. 5 de asisti bulunan Toure, 9 gol daha atarsa gol say\u0131s\u0131n\u0131 15&#8217;e y\u00fckseltecek ve sat\u0131n alma opsiyonu devreye girecek.<\/p>\n<p> <strong>40 M\u0130LYON EURO<\/strong><\/p>\n<p> Oyuncunun potansiyeline g\u00fcvenen Be\u015fikta\u015f idaresi, El Bilal Toure&#8217;nin bonservisini Atalanta&#8217;dan ald\u0131ktan sonra \u00f6zg\u00fcr kalma bedelini de belirledi. Siyah-beyazl\u0131 kurmaylar, y\u0131ld\u0131z forvetin mukavelesine 40 milyon euro h\u00fcr kalma bedeli hususu eklemeyi planl\u0131yor.<\/p>\n<\/div>\n","protected":false},"excerpt":{"rendered":"<p>Be\u015fikta\u015f, formunun doru\u011funda yer alan Malili y\u0131ld\u0131z El Bilal Toure ile ilgili karar\u0131n\u0131 verdi.<\/p>\n","protected":false},"author":1,"featured_media":52237,"comment_status":"open","ping_status":"open","sticky":false,"template":"","format":"standard","meta":{"footnotes":""},"categories":[25],"tags":[77,3830],"class_list":["post-52236","post","type-post","status-publish","format-standard","has-post-thumbnail","hentry","category-futbol","tag-gol","tag-toure"],"_links":{"self":[{"href":"https:\/\/haberbesiktas.tr\/index.php?rest_route=\/wp\/v2\/posts\/52236","targetHints":{"allow":["GET"]}}],"collection":[{"href":"https:\/\/haberbesiktas.tr\/index.php?rest_route=\/wp\/v2\/posts"}],"about":[{"href":"https:\/\/haberbesiktas.tr\/index.php?rest_route=\/wp\/v2\/types\/post"}],"author":[{"embeddable":true,"href":"https:\/\/haberbesiktas.tr\/index.php?rest_route=\/wp\/v2\/users\/1"}],"replies":[{"embeddable":true,"href":"https:\/\/haberbesiktas.tr\/index.php?rest_route=%2Fwp%2Fv2%2Fcomments&post=52236"}],"version-history":[{"count":1,"href":"https:\/\/haberbesiktas.tr\/index.php?rest_route=\/wp\/v2\/posts\/52236\/revisions"}],"predecessor-version":[{"id":52238,"href":"https:\/\/haberbesiktas.tr\/index.php?rest_route=\/wp\/v2\/posts\/52236\/revisions\/52238"}],"wp:featuredmedia":[{"embeddable":true,"href":"https:\/\/haberbesiktas.tr\/index.php?rest_route=\/wp\/v2\/media\/52237"}],"wp:attachment":[{"href":"https:\/\/haberbesiktas.tr\/index.php?rest_route=%2Fwp%2Fv2%2Fmedia&parent=52236"}],"wp:term":[{"taxonomy":"category","embeddable":true,"href":"https:\/\/haberbesiktas.tr\/index.php?rest_route=%2Fwp%2Fv2%2Fcategories&post=52236"},{"taxonomy":"post_tag","embeddable":true,"href":"https:\/\/haberbesiktas.tr\/index.php?rest_route=%2Fwp%2Fv2%2Ftags&post=52236"}],"curies":[{"name":"wp","href":"https:\/\/api.w.org\/{rel}","templated":true}]}}