{"id":52242,"date":"2026-01-23T08:24:07","date_gmt":"2026-01-23T08:24:07","guid":{"rendered":"https:\/\/haberbesiktas.tr\/?p=52242"},"modified":"2026-01-23T08:24:07","modified_gmt":"2026-01-23T08:24:07","slug":"besiktasta-orta-saha-icin-yeni-aday-nadiem-amiri","status":"publish","type":"post","link":"https:\/\/haberbesiktas.tr\/?p=52242","title":{"rendered":"Be\u015fikta\u015f&#8217;ta orta saha i\u00e7in yeni aday: Nadiem Amiri"},"content":{"rendered":"<div>\n<p>Ara transfer periyodunda \u015fimdi resmi bir at\u0131l\u0131m yapamayan Be\u015fikta\u015f&#8217;ta vakit daral\u0131rken, siyah-beyazl\u0131 idare \u00e7al\u0131\u015fmalar\u0131na s\u00fcrat verdi. <\/p>\n<p>Orta saha deste\u011fi i\u00e7in aray\u0131\u015flar\u0131n\u0131 s\u00fcrd\u00fcren siyah beyazl\u0131larda g\u00fcndeme gelen son isim Mainz formas\u0131 giyen<strong> Nadiem Amiri<\/strong> oldu.\u00a0<\/p>\n<p><strong>SATIN ALMA OPS\u0130YONLU K\u0130RALAMA TEKL\u0130F\u0130<\/strong><\/p>\n<p> Menajerler arac\u0131l\u0131\u011f\u0131yla Be\u015fikta\u015f&#8217;a \u00f6nerilen 29 ya\u015f\u0131ndaki Alman futbolcu i\u00e7in siyah-beyazl\u0131lar\u0131n, kul\u00fcb\u00fc Mainz&#8217;a sat\u0131n alma opsiyonlu kiralama teklifi yapmaya haz\u0131rland\u0131\u011f\u0131 \u00f6\u011frenildi. <\/p>\n<p><strong>PERFORMANSI<\/strong><\/p>\n<p>Bu d\u00f6nem Mainz formas\u0131yla 23 ma\u00e7a \u00e7\u0131kan Amiri, 10 gol 2 asistlik performans sergiledi.<\/p>\n<\/div>\n","protected":false},"excerpt":{"rendered":"<p>Be\u015fikta\u015f, orta saha i\u00e7in Mainz formas\u0131 giyen Nadiem Amiri&#8217;yi g\u00fcndemine ald\u0131.<\/p>\n","protected":false},"author":1,"featured_media":52243,"comment_status":"open","ping_status":"open","sticky":false,"template":"","format":"standard","meta":{"footnotes":""},"categories":[25],"tags":[],"class_list":["post-52242","post","type-post","status-publish","format-standard","has-post-thumbnail","hentry","category-futbol"],"_links":{"self":[{"href":"https:\/\/haberbesiktas.tr\/index.php?rest_route=\/wp\/v2\/posts\/52242","targetHints":{"allow":["GET"]}}],"collection":[{"href":"https:\/\/haberbesiktas.tr\/index.php?rest_route=\/wp\/v2\/posts"}],"about":[{"href":"https:\/\/haberbesiktas.tr\/index.php?rest_route=\/wp\/v2\/types\/post"}],"author":[{"embeddable":true,"href":"https:\/\/haberbesiktas.tr\/index.php?rest_route=\/wp\/v2\/users\/1"}],"replies":[{"embeddable":true,"href":"https:\/\/haberbesiktas.tr\/index.php?rest_route=%2Fwp%2Fv2%2Fcomments&post=52242"}],"version-history":[{"count":1,"href":"https:\/\/haberbesiktas.tr\/index.php?rest_route=\/wp\/v2\/posts\/52242\/revisions"}],"predecessor-version":[{"id":52244,"href":"https:\/\/haberbesiktas.tr\/index.php?rest_route=\/wp\/v2\/posts\/52242\/revisions\/52244"}],"wp:featuredmedia":[{"embeddable":true,"href":"https:\/\/haberbesiktas.tr\/index.php?rest_route=\/wp\/v2\/media\/52243"}],"wp:attachment":[{"href":"https:\/\/haberbesiktas.tr\/index.php?rest_route=%2Fwp%2Fv2%2Fmedia&parent=52242"}],"wp:term":[{"taxonomy":"category","embeddable":true,"href":"https:\/\/haberbesiktas.tr\/index.php?rest_route=%2Fwp%2Fv2%2Fcategories&post=52242"},{"taxonomy":"post_tag","embeddable":true,"href":"https:\/\/haberbesiktas.tr\/index.php?rest_route=%2Fwp%2Fv2%2Ftags&post=52242"}],"curies":[{"name":"wp","href":"https:\/\/api.w.org\/{rel}","templated":true}]}}