{"id":52278,"date":"2026-01-23T10:48:05","date_gmt":"2026-01-23T10:48:05","guid":{"rendered":"https:\/\/haberbesiktas.tr\/?p=52278"},"modified":"2026-01-23T10:48:05","modified_gmt":"2026-01-23T10:48:05","slug":"okan-buruk-aradigini-takimda-buldu","status":"publish","type":"post","link":"https:\/\/haberbesiktas.tr\/?p=52278","title":{"rendered":"Okan Buruk, arad\u0131\u011f\u0131n\u0131 tak\u0131mda buldu!"},"content":{"rendered":"<div>Galatasaray Teknik Y\u00f6neticisi Okan Buruk, sa\u011f bekte arad\u0131\u011f\u0131 tahlili ekip i\u00e7erisinde bulundu.<\/p>\n<p> Galatasaray&#8217;da vazifeye ba\u015flad\u0131\u011f\u0131nda bu b\u00f6lgeye transfer edilen Leo Dubois&#8217;i kullanmaya ba\u015flayan Okan Buruk, Frans\u0131z futbolcunun sakatl\u0131\u011f\u0131 sonras\u0131 o devir rezerv kadroya g\u00f6nderilen Sacha Boey&#8217;u kulland\u0131.<\/p>\n<p> Okan Buruk, Sacha Boey&#8217;un forma giydi\u011fi periyotta sa\u011f bekte eza ya\u015famad\u0131. Boey, Galatasaray&#8217;daki performans\u0131yla dikkat \u00e7ekti ve 2024 y\u0131l\u0131n\u0131n orta transfer periyodunda Bayern M\u00fcnih&#8217;e 30 milyon euro bedelle transfer oldu.<\/p>\n<p><strong>SACHA BOEY&#8217;UN YER\u0130 DOLMADI<\/strong> <\/p>\n<p> Galatasaray, Frans\u0131z futbolcunun yerini doldurmakta ise bir epey zorland\u0131. Sar\u0131-k\u0131rm\u0131z\u0131l\u0131lar, Sacha Boey sonras\u0131 sa\u011f bek i\u00e7in; Serge Aurier, Elias Jelert, Przemys\u0142aw Frankowski \u00fczere isimleri tak\u0131m\u0131na katt\u0131 lakin beklenen rand\u0131man\u0131 alamad\u0131.<\/p>\n<p> Okan Buruk, ayr\u0131yeten bu b\u00f6lgede Bar\u0131\u015f Alper Y\u0131lmaz ve Kaan Ayhan \u00fczere isimleri de kulland\u0131.<\/p>\n<p> Galatasaray, son olarak bu b\u00f6lge ve savunman\u0131n ortas\u0131 i\u00e7in yaz transfer devrinde Monaco&#8217;dan Wilfried Singo&#8217;yu tak\u0131m\u0131na katt\u0131. Fildi\u015fili futbolcu, Galatasaray mesle\u011fine \u00e2l\u00e2 ba\u015flad\u0131 fakat ya\u015fad\u0131\u011f\u0131 sakatl\u0131klarla alanlardan uzak kald\u0131.<\/p>\n<p><strong>TAKIM \u0130\u00c7ER\u0130S\u0130NDEN \u00c7\u00d6Z\u00dcM<\/strong><\/p>\n<p> Okan Buruk, sa\u011f bek i\u00e7in son olarak tahlili grup i\u00e7erisinde buldu. Singo&#8217;nun yoklu\u011funda Roland Sallai&#8217;ye forma baht\u0131 veren ba\u015far\u0131l\u0131 teknik adam, Macar futbolcudan istedi\u011fi rand\u0131man\u0131 almay\u0131 ba\u015fard\u0131.<\/p>\n<p> \u015eampiyonlar Ligi&#8217;nde son oynanan Atletico Madrid ma\u00e7\u0131nda Galatasaray&#8217;\u0131n en g\u00fczellerinden biri olan Sallai, sa\u011f bekte kal\u0131c\u0131 tahlil oldu\u011funu ortaya koydu.<\/p>\n<p><img decoding=\"async\" src=\"https:\/\/haberbesiktas.tr\/wp-content\/uploads\/2026\/01\/okan-buruk-aradigini-takimda-buldu-0-sjeSL3RG.jpg\"\/><\/p>\n<p> <strong>TEKN\u0130K HEYETTEN \u00d6VG\u00dc<\/strong><\/p>\n<p> Galatasaray&#8217;da teknik y\u00f6netici Okan Buruk&#8217;un grubunda yer alan Ismael Garcia Gomez, \u015eampiyonlar Ligi&#8217;ndeki Atletico Madrid ma\u00e7\u0131 \u00f6ncesi \u0130spanyol bas\u0131n\u0131na konu\u015ftu.<\/p>\n<p> &#8220;Atletico Madrid ma\u00e7\u0131n\u0131 izleyeceklere Galatasaray&#8217;\u0131n daha az tan\u0131nan hangi oyuncusunu takip etmelerini \u00f6nerirsiniz?&#8221; sorusuna kar\u015f\u0131l\u0131k veren Gomez, \u015fu s\u00f6zleri kulland\u0131:<\/p>\n<p> <strong>&#8220;Benim i\u00e7in elbet Roland Sallai. Ge\u00e7en y\u0131la nazaran en \u00e7ok geli\u015fme g\u00f6steren oyuncu o. Birka\u00e7 konumda oynayabiliyor, \u00e7al\u0131\u015fma eti\u011fi kusursuz, al\u00e7akg\u00f6n\u00fcll\u00fc ve \u00e7ok s\u00fcratli \u00f6\u011freniyor. Bence her ekip i\u00e7in \u00e7ok de\u011fi\u015fik bir oyuncu. D\u00fcnya klasman\u0131nda bir oyuncu olmasa da ona \u00e7ok yak\u0131n. Her lige ahenk sa\u011flayabilecek bir fizik, zihniyet ve marifete sahip. En d\u00fczg\u00fcn oyuncular\u0131m\u0131z Osimhen ve Sane fakat birini se\u00e7mem gerekirse elbet Roland Sallai olur.&#8221;<\/strong><\/p>\n<p> <strong>SEZON PERFORMANSI<\/strong><\/p>\n<p> Galatasaray&#8217;\u0131n 2024 yaz\u0131nda hamle s\u0131n\u0131r\u0131na transfer etti\u011fi ve art\u0131k sa\u011f bekte kal\u0131c\u0131 olan 28 ya\u015f\u0131ndaki Roland Sallai, bu d\u00f6nem forma buldu\u011fu 27 ma\u00e7ta 1 gol att\u0131 ve 5 asist yapt\u0131.<\/p>\n<\/div>\n","protected":false},"excerpt":{"rendered":"<p>Galatasaray Teknik Y\u00f6neticisi Okan Buruk, sa\u011f bekte arad\u0131\u011f\u0131 tahlili kadro i\u00e7erisinde buldu. Sar\u0131-k\u0131rm\u0131z\u0131l\u0131larda atak s\u0131n\u0131r\u0131na transfer edilen Roland Sallai, performans\u0131yla sa\u011f bekte forman\u0131n sahibi oldu.<\/p>\n","protected":false},"author":1,"featured_media":52279,"comment_status":"open","ping_status":"open","sticky":false,"template":"","format":"standard","meta":{"footnotes":""},"categories":[25],"tags":[2276,129,49,1832,624],"class_list":["post-52278","post","type-post","status-publish","format-standard","has-post-thumbnail","hentry","category-futbol","tag-boey","tag-galatasaray","tag-oyuncu","tag-sag-bek","tag-sallai"],"_links":{"self":[{"href":"https:\/\/haberbesiktas.tr\/index.php?rest_route=\/wp\/v2\/posts\/52278","targetHints":{"allow":["GET"]}}],"collection":[{"href":"https:\/\/haberbesiktas.tr\/index.php?rest_route=\/wp\/v2\/posts"}],"about":[{"href":"https:\/\/haberbesiktas.tr\/index.php?rest_route=\/wp\/v2\/types\/post"}],"author":[{"embeddable":true,"href":"https:\/\/haberbesiktas.tr\/index.php?rest_route=\/wp\/v2\/users\/1"}],"replies":[{"embeddable":true,"href":"https:\/\/haberbesiktas.tr\/index.php?rest_route=%2Fwp%2Fv2%2Fcomments&post=52278"}],"version-history":[{"count":1,"href":"https:\/\/haberbesiktas.tr\/index.php?rest_route=\/wp\/v2\/posts\/52278\/revisions"}],"predecessor-version":[{"id":52281,"href":"https:\/\/haberbesiktas.tr\/index.php?rest_route=\/wp\/v2\/posts\/52278\/revisions\/52281"}],"wp:featuredmedia":[{"embeddable":true,"href":"https:\/\/haberbesiktas.tr\/index.php?rest_route=\/wp\/v2\/media\/52279"}],"wp:attachment":[{"href":"https:\/\/haberbesiktas.tr\/index.php?rest_route=%2Fwp%2Fv2%2Fmedia&parent=52278"}],"wp:term":[{"taxonomy":"category","embeddable":true,"href":"https:\/\/haberbesiktas.tr\/index.php?rest_route=%2Fwp%2Fv2%2Fcategories&post=52278"},{"taxonomy":"post_tag","embeddable":true,"href":"https:\/\/haberbesiktas.tr\/index.php?rest_route=%2Fwp%2Fv2%2Ftags&post=52278"}],"curies":[{"name":"wp","href":"https:\/\/api.w.org\/{rel}","templated":true}]}}