{"id":52282,"date":"2026-01-23T11:00:05","date_gmt":"2026-01-23T11:00:05","guid":{"rendered":"https:\/\/haberbesiktas.tr\/?p=52282"},"modified":"2026-01-23T11:00:05","modified_gmt":"2026-01-23T11:00:05","slug":"dragus-g-saraya-karsi-1-puan-kiymetli","status":"publish","type":"post","link":"https:\/\/haberbesiktas.tr\/?p=52282","title":{"rendered":"Dragu\u015f: G.Saray&#8217;a kar\u015f\u0131 1 puan k\u0131ymetli!"},"content":{"rendered":"<div>\n<div>\n<div>Gaziantep FK&#8217;de Rumen futbolcu Denis Dragu\u015f, Muhte\u015fem Lig&#8217;in 19. haftas\u0131nda 25 Ocak Pazar g\u00fcn\u00fc alanlar\u0131nda T\u00dcMOSAN Konyaspor ile yapacaklar\u0131 ma\u00e7a odakland\u0131klar\u0131n\u0131 ve kazanmak istediklerini s\u00f6yledi.<\/div>\n<\/p><\/div>\n<div>\n<div> Orta transfer periyodunda daha evvel de formas\u0131n\u0131 giydi\u011fi Gaziantep FK&#8217;nin tak\u0131m\u0131na dahil olan ve k\u0131rm\u0131z\u0131-siyahl\u0131 tak\u0131mda bu d\u00f6nem ikinci ma\u00e7\u0131na \u00e7\u0131kmaya haz\u0131rlanan Dragu\u015f, bas\u0131n mensuplar\u0131na yapt\u0131\u011f\u0131 a\u00e7\u0131klamada, grup olarak kazanmaya odakland\u0131klar\u0131n\u0131 anlatt\u0131.<\/p>\n<p> Galatasaray deplasman\u0131ndan ald\u0131klar\u0131 bir puan\u0131n kendileri i\u00e7in \u00e7ok de\u011ferli oldu\u011funu ve ekip olarak memnun olduklar\u0131n\u0131 lisana getiren Dragu\u015f, pazar g\u00fcn\u00fc alanlar\u0131nda Konyaspor ile yapacaklar\u0131 m\u00fcsabakayla ilgili \u015funlar\u0131 kaydetti:<\/p>\n<p> <strong>&#8220;Benim i\u00e7in \u00e7ok \u00f6zel bir ma\u00e7 olacak. D\u00f6nd\u00fckten sonra Konyaspor ma\u00e7\u0131, konutumda birinci ma\u00e7\u0131m olacak, bu y\u00fczden \u00f6zel hisler bar\u0131nd\u0131r\u0131yorum. Grup olarak yaln\u0131zca kazanmaya odakland\u0131k. Di\u011fer bir alternatifimiz yok, t\u0131pk\u0131 halde devam edersek bizim i\u00e7in g\u00fczel olacak. Bu d\u00f6nem atabildi\u011fim kadar gol atarak grubuma katk\u0131 sa\u011flamak istiyorum.&#8221;<\/strong> <\/p><\/div>\n<\/p><\/div>\n<\/div>\n","protected":false},"excerpt":{"rendered":"<p>Gaziantep FK futbolcusu Denis Dragu\u015f, ge\u00e7en hafta oynanan Galatasaray ma\u00e7\u0131 ve bu hafta kar\u015f\u0131la\u015facaklar\u0131 Konyaspor ma\u00e7\u0131 hakk\u0131nda konu\u015ftu<\/p>\n","protected":false},"author":1,"featured_media":52283,"comment_status":"open","ping_status":"open","sticky":false,"template":"","format":"standard","meta":{"footnotes":""},"categories":[25],"tags":[50],"class_list":["post-52282","post","type-post","status-publish","format-standard","has-post-thumbnail","hentry","category-futbol","tag-mac"],"_links":{"self":[{"href":"https:\/\/haberbesiktas.tr\/index.php?rest_route=\/wp\/v2\/posts\/52282","targetHints":{"allow":["GET"]}}],"collection":[{"href":"https:\/\/haberbesiktas.tr\/index.php?rest_route=\/wp\/v2\/posts"}],"about":[{"href":"https:\/\/haberbesiktas.tr\/index.php?rest_route=\/wp\/v2\/types\/post"}],"author":[{"embeddable":true,"href":"https:\/\/haberbesiktas.tr\/index.php?rest_route=\/wp\/v2\/users\/1"}],"replies":[{"embeddable":true,"href":"https:\/\/haberbesiktas.tr\/index.php?rest_route=%2Fwp%2Fv2%2Fcomments&post=52282"}],"version-history":[{"count":1,"href":"https:\/\/haberbesiktas.tr\/index.php?rest_route=\/wp\/v2\/posts\/52282\/revisions"}],"predecessor-version":[{"id":52284,"href":"https:\/\/haberbesiktas.tr\/index.php?rest_route=\/wp\/v2\/posts\/52282\/revisions\/52284"}],"wp:featuredmedia":[{"embeddable":true,"href":"https:\/\/haberbesiktas.tr\/index.php?rest_route=\/wp\/v2\/media\/52283"}],"wp:attachment":[{"href":"https:\/\/haberbesiktas.tr\/index.php?rest_route=%2Fwp%2Fv2%2Fmedia&parent=52282"}],"wp:term":[{"taxonomy":"category","embeddable":true,"href":"https:\/\/haberbesiktas.tr\/index.php?rest_route=%2Fwp%2Fv2%2Fcategories&post=52282"},{"taxonomy":"post_tag","embeddable":true,"href":"https:\/\/haberbesiktas.tr\/index.php?rest_route=%2Fwp%2Fv2%2Ftags&post=52282"}],"curies":[{"name":"wp","href":"https:\/\/api.w.org\/{rel}","templated":true}]}}