{"id":52285,"date":"2026-01-23T11:12:07","date_gmt":"2026-01-23T11:12:07","guid":{"rendered":"https:\/\/haberbesiktas.tr\/?p=52285"},"modified":"2026-01-23T11:12:07","modified_gmt":"2026-01-23T11:12:07","slug":"benfica-taraftarlarindan-rafa-silvaya-tepki","status":"publish","type":"post","link":"https:\/\/haberbesiktas.tr\/?p=52285","title":{"rendered":"Benfica taraftarlar\u0131ndan Rafa Silva&#8217;ya tepki!"},"content":{"rendered":"<div>\n<p>Be\u015fikta\u015f&#8217;ta mutsuz olan ve gruptan ayr\u0131lmak istedi\u011fini s\u00f6z eden Portekizli futbolcu Rafa Silva, eski kadrosu Benfica&#8217;ya transfer oldu.<\/p>\n<p> 32 ya\u015f\u0131ndaki y\u0131ld\u0131z oyuncunun Benfica&#8217;ya geri d\u00f6n\u00fc\u015f\u00fc g\u00fcndem yarat\u0131rken, Portekiz tak\u0131m\u0131n\u0131n taraftarlar\u0131 ise duruma reaksiyon g\u00f6sterdi.<\/p>\n<p> <span><em><strong>Record&#8217;da yer alan habere nazaran,<\/strong><\/em><\/span> lider Rui Costa&#8217;n\u0131n orta transfer periyodundaki bu at\u0131l\u0131m\u0131 b\u00fcy\u00fck reaksiyon \u00e7ekmi\u015f durumda. <\/p>\n<p> <em><strong>\u0130\u015fte Benfica taraftarlar\u0131n\u0131n Rafa Silva transferinin akabinde yapt\u0131\u011f\u0131 yorumlar:<\/strong><\/em><\/p>\n<p> <strong>&#8220;GEM\u0130Y\u0130 TERK EDEN B\u0130R\u0130NE TAHAMM\u00dcL EDEMEY\u0130Z&#8221;<\/strong><\/p>\n<p> &#8220;Bu transferde kendimi g\u00f6remiyorum. Rafa vaktinde ayr\u0131lmak istedi. Be\u015fikta\u015f ile yap\u0131lan muahedenin bedelini ve ne kadar kazanaca\u011f\u0131n\u0131 a\u00e7\u0131klamaya c\u00fcret edin. Sportif olarak katk\u0131 verebilir lakin gemiyi terk etmek isteyen birine tahamm\u00fcl edemeyiz.&#8221;<\/p>\n<p> <strong>&#8220;BU DURUM YALNIZCA BENFICA&#8217;DA OLUR&#8221;<\/strong><\/p>\n<p> &#8220;Sa\u00e7mal\u0131k! Yapt\u0131klar\u0131n\u0131zdan utan\u0131n! \u00d6fkelenip bedelsiz ayr\u0131lan bir oyuncu art\u0131k 7 milyon Euro kar\u015f\u0131l\u0131\u011f\u0131nda geri mi d\u00f6n\u00fcyor?! Bu yaln\u0131zca Benfica&#8217;da olur.&#8221;<\/p>\n<p> <strong>&#8220;HER D\u00dcZEYDE BECER\u0130KS\u0130ZL\u0130K&#8221;\u00a0<\/strong><\/p>\n<p> &#8220;Yaz\u0131klar olsun! 29 ya\u015f\u0131ndayken kontrat\u0131n\u0131 yenilemediler fakat 32 ya\u015f\u0131nda milyonlarca Euro sa\u00e7\u0131l\u0131yor. Bu mant\u0131\u011f\u0131n \u00f6tesinde! Her d\u00fczeyde beceriksizlik. Hakikat yolda m\u0131y\u0131z?&#8221;<\/p>\n<\/div>\n","protected":false},"excerpt":{"rendered":"<p>Be\u015fikta\u015f&#8217;ta \u00f6nemli sorunlar ya\u015fayan ve orta transfer d\u00f6neminde eski kul\u00fcb\u00fc Benfica&#8217;ya transfer olan Rafa Silva hakk\u0131nda fla\u015f bir geli\u015fme ya\u015fand\u0131. Portekiz grubunun taraftarlar\u0131, toplumsal medyada y\u0131ld\u0131z futbolcunun geri d\u00f6n\u00fc\u015f\u00fcn\u00fc ele\u015ftirdi.<\/p>\n","protected":false},"author":1,"featured_media":52286,"comment_status":"open","ping_status":"open","sticky":false,"template":"","format":"standard","meta":{"footnotes":""},"categories":[25],"tags":[],"class_list":["post-52285","post","type-post","status-publish","format-standard","has-post-thumbnail","hentry","category-futbol"],"_links":{"self":[{"href":"https:\/\/haberbesiktas.tr\/index.php?rest_route=\/wp\/v2\/posts\/52285","targetHints":{"allow":["GET"]}}],"collection":[{"href":"https:\/\/haberbesiktas.tr\/index.php?rest_route=\/wp\/v2\/posts"}],"about":[{"href":"https:\/\/haberbesiktas.tr\/index.php?rest_route=\/wp\/v2\/types\/post"}],"author":[{"embeddable":true,"href":"https:\/\/haberbesiktas.tr\/index.php?rest_route=\/wp\/v2\/users\/1"}],"replies":[{"embeddable":true,"href":"https:\/\/haberbesiktas.tr\/index.php?rest_route=%2Fwp%2Fv2%2Fcomments&post=52285"}],"version-history":[{"count":1,"href":"https:\/\/haberbesiktas.tr\/index.php?rest_route=\/wp\/v2\/posts\/52285\/revisions"}],"predecessor-version":[{"id":52287,"href":"https:\/\/haberbesiktas.tr\/index.php?rest_route=\/wp\/v2\/posts\/52285\/revisions\/52287"}],"wp:featuredmedia":[{"embeddable":true,"href":"https:\/\/haberbesiktas.tr\/index.php?rest_route=\/wp\/v2\/media\/52286"}],"wp:attachment":[{"href":"https:\/\/haberbesiktas.tr\/index.php?rest_route=%2Fwp%2Fv2%2Fmedia&parent=52285"}],"wp:term":[{"taxonomy":"category","embeddable":true,"href":"https:\/\/haberbesiktas.tr\/index.php?rest_route=%2Fwp%2Fv2%2Fcategories&post=52285"},{"taxonomy":"post_tag","embeddable":true,"href":"https:\/\/haberbesiktas.tr\/index.php?rest_route=%2Fwp%2Fv2%2Ftags&post=52285"}],"curies":[{"name":"wp","href":"https:\/\/api.w.org\/{rel}","templated":true}]}}