{"id":52706,"date":"2026-01-24T17:12:06","date_gmt":"2026-01-24T17:12:06","guid":{"rendered":"https:\/\/haberbesiktas.tr\/?p=52706"},"modified":"2026-01-24T17:12:06","modified_gmt":"2026-01-24T17:12:06","slug":"hulk-icin-transfer-yaniti-gorusme-yapmadik","status":"publish","type":"post","link":"https:\/\/haberbesiktas.tr\/?p=52706","title":{"rendered":"Hulk i\u00e7in transfer yan\u0131t\u0131: &#8220;G\u00f6r\u00fc\u015fme yapmad\u0131k&#8221;"},"content":{"rendered":"<div>Atletico Mineiro formas\u0131 giyen Brezilyal\u0131 golc\u00fc Hulk i\u00e7in transfer a\u00e7\u0131klamas\u0131 geldi.<\/p>\n<p> Brezilyal\u0131 futbolcunun menajeri Patricia Mendes, 39 ya\u015f\u0131ndaki futbolcu i\u00e7in Kazakistan tak\u0131m\u0131 Akt\u00f6be ile g\u00f6r\u00fc\u015ft\u00fckleri haberlerinin ger\u00e7e\u011fi yans\u0131tmad\u0131\u011f\u0131n\u0131 a\u00e7\u0131klad\u0131.<\/p>\n<p> Patricia Mendes,<strong> &#8220;Akt\u00f6be ile rastgele bir g\u00f6r\u00fc\u015fme yapmad\u0131k ve yapm\u0131yoruz. Hulk, Atletico Mineiro&#8217;nun oyuncusu ve 2026 sonuna kadar kul\u00fcple mukavelesi var.&#8221;<\/strong> tabirlerini kulland\u0131.<\/p>\n<p> 2021 y\u0131l\u0131ndan bu yana Atletico Mineiro formas\u0131 giyen Hulk, Brezilya temsilcisinde ge\u00e7en d\u00f6nem 61 ma\u00e7ta 21 gol att\u0131 ve 8 asist yapt\u0131.<\/p>\n<\/div>\n","protected":false},"excerpt":{"rendered":"<p>Hulk&#8217;un menajeri Patricia Mendes, Brezilyal\u0131 futbolcu i\u00e7in \u00e7\u0131kan Akt\u00f6be haberlerinin ger\u00e7e\u011fi yans\u0131tmad\u0131\u011f\u0131n\u0131 ve Kazakistan grubu ile g\u00f6r\u00fc\u015fmediklerini s\u00f6yledi.<\/p>\n","protected":false},"author":1,"featured_media":52707,"comment_status":"open","ping_status":"open","sticky":false,"template":"","format":"standard","meta":{"footnotes":""},"categories":[25],"tags":[],"class_list":["post-52706","post","type-post","status-publish","format-standard","has-post-thumbnail","hentry","category-futbol"],"_links":{"self":[{"href":"https:\/\/haberbesiktas.tr\/index.php?rest_route=\/wp\/v2\/posts\/52706","targetHints":{"allow":["GET"]}}],"collection":[{"href":"https:\/\/haberbesiktas.tr\/index.php?rest_route=\/wp\/v2\/posts"}],"about":[{"href":"https:\/\/haberbesiktas.tr\/index.php?rest_route=\/wp\/v2\/types\/post"}],"author":[{"embeddable":true,"href":"https:\/\/haberbesiktas.tr\/index.php?rest_route=\/wp\/v2\/users\/1"}],"replies":[{"embeddable":true,"href":"https:\/\/haberbesiktas.tr\/index.php?rest_route=%2Fwp%2Fv2%2Fcomments&post=52706"}],"version-history":[{"count":1,"href":"https:\/\/haberbesiktas.tr\/index.php?rest_route=\/wp\/v2\/posts\/52706\/revisions"}],"predecessor-version":[{"id":52708,"href":"https:\/\/haberbesiktas.tr\/index.php?rest_route=\/wp\/v2\/posts\/52706\/revisions\/52708"}],"wp:featuredmedia":[{"embeddable":true,"href":"https:\/\/haberbesiktas.tr\/index.php?rest_route=\/wp\/v2\/media\/52707"}],"wp:attachment":[{"href":"https:\/\/haberbesiktas.tr\/index.php?rest_route=%2Fwp%2Fv2%2Fmedia&parent=52706"}],"wp:term":[{"taxonomy":"category","embeddable":true,"href":"https:\/\/haberbesiktas.tr\/index.php?rest_route=%2Fwp%2Fv2%2Fcategories&post=52706"},{"taxonomy":"post_tag","embeddable":true,"href":"https:\/\/haberbesiktas.tr\/index.php?rest_route=%2Fwp%2Fv2%2Ftags&post=52706"}],"curies":[{"name":"wp","href":"https:\/\/api.w.org\/{rel}","templated":true}]}}