{"id":52712,"date":"2026-01-24T17:36:05","date_gmt":"2026-01-24T17:36:05","guid":{"rendered":"https:\/\/haberbesiktas.tr\/?p=52712"},"modified":"2026-01-24T17:36:05","modified_gmt":"2026-01-24T17:36:05","slug":"julian-alvarez-icin-barcelona-aciklamasi","status":"publish","type":"post","link":"https:\/\/haberbesiktas.tr\/?p=52712","title":{"rendered":"Julian Alvarez i\u00e7in Barcelona a\u00e7\u0131klamas\u0131"},"content":{"rendered":"<div>Atletico Madrid formas\u0131 giyen ve ismi bilhassa Barcelona ile an\u0131lan Julian Alvarez i\u00e7in transfer a\u00e7\u0131klamas\u0131 geldi.<\/p>\n<p> Arjantinli futbolcunun menajeri Fernando Hidalgo, Alvarez i\u00e7in Barcelona ile g\u00f6r\u00fc\u015ft\u00fc\u011f\u00fc halinde \u00e7\u0131kan haberlerin ger\u00e7e\u011fi yans\u0131tmad\u0131\u011f\u0131n\u0131 a\u00e7\u0131klad\u0131.<\/p>\n<p> Hidalgo,<strong> &#8220;Barcelona haberleri ger\u00e7ek de\u011fil. Deco yahut Barcelona&#8217;dan birisiyle g\u00f6r\u00fc\u015fmedim. Julian ile ilgilenan rastgele bir kul\u00fcp, Atletico Madrid ile ba\u011flant\u0131ya ge\u00e7melidir. Atletico Madrid&#8217;in kontratl\u0131 futbolcusu ve bu mukaveleye ba\u011fl\u0131y\u0131z.&#8221;<\/strong> s\u00f6zlerini kulland\u0131.<\/p>\n<p> Atletico Madrid formas\u0131 alt\u0131nda bu d\u00f6nem 28 ma\u00e7ta m\u00fcddet bulan 25 ya\u015f\u0131ndaki Alvarez, 11 gol att\u0131 ve 5 asist yapt\u0131.<\/p>\n<\/div>\n","protected":false},"excerpt":{"rendered":"<p>Julian Alvarez&#8217;in menajeri Fernando Hidalgo, Arjantinli y\u0131ld\u0131z i\u00e7in Barcelona ile g\u00f6r\u00fc\u015ft\u00fc\u011f\u00fc istikametinde \u00e7\u0131kan haberlerin ger\u00e7e\u011fi yans\u0131tmad\u0131\u011f\u0131n\u0131 a\u00e7\u0131klad\u0131.<\/p>\n","protected":false},"author":1,"featured_media":52713,"comment_status":"open","ping_status":"open","sticky":false,"template":"","format":"standard","meta":{"footnotes":""},"categories":[25],"tags":[],"class_list":["post-52712","post","type-post","status-publish","format-standard","has-post-thumbnail","hentry","category-futbol"],"_links":{"self":[{"href":"https:\/\/haberbesiktas.tr\/index.php?rest_route=\/wp\/v2\/posts\/52712","targetHints":{"allow":["GET"]}}],"collection":[{"href":"https:\/\/haberbesiktas.tr\/index.php?rest_route=\/wp\/v2\/posts"}],"about":[{"href":"https:\/\/haberbesiktas.tr\/index.php?rest_route=\/wp\/v2\/types\/post"}],"author":[{"embeddable":true,"href":"https:\/\/haberbesiktas.tr\/index.php?rest_route=\/wp\/v2\/users\/1"}],"replies":[{"embeddable":true,"href":"https:\/\/haberbesiktas.tr\/index.php?rest_route=%2Fwp%2Fv2%2Fcomments&post=52712"}],"version-history":[{"count":1,"href":"https:\/\/haberbesiktas.tr\/index.php?rest_route=\/wp\/v2\/posts\/52712\/revisions"}],"predecessor-version":[{"id":52714,"href":"https:\/\/haberbesiktas.tr\/index.php?rest_route=\/wp\/v2\/posts\/52712\/revisions\/52714"}],"wp:featuredmedia":[{"embeddable":true,"href":"https:\/\/haberbesiktas.tr\/index.php?rest_route=\/wp\/v2\/media\/52713"}],"wp:attachment":[{"href":"https:\/\/haberbesiktas.tr\/index.php?rest_route=%2Fwp%2Fv2%2Fmedia&parent=52712"}],"wp:term":[{"taxonomy":"category","embeddable":true,"href":"https:\/\/haberbesiktas.tr\/index.php?rest_route=%2Fwp%2Fv2%2Fcategories&post=52712"},{"taxonomy":"post_tag","embeddable":true,"href":"https:\/\/haberbesiktas.tr\/index.php?rest_route=%2Fwp%2Fv2%2Ftags&post=52712"}],"curies":[{"name":"wp","href":"https:\/\/api.w.org\/{rel}","templated":true}]}}