{"id":52841,"date":"2026-01-25T01:36:06","date_gmt":"2026-01-25T01:36:06","guid":{"rendered":"https:\/\/haberbesiktas.tr\/?p=52841"},"modified":"2026-01-25T01:36:06","modified_gmt":"2026-01-25T01:36:06","slug":"aleksandar-stanojevicten-transfer-aciklamasi","status":"publish","type":"post","link":"https:\/\/haberbesiktas.tr\/?p=52841","title":{"rendered":"Aleksandar Stanojevic&#8217;ten transfer a\u00e7\u0131klamas\u0131"},"content":{"rendered":"<div>Fatih Karag\u00fcmr\u00fck Teknik Y\u00f6neticisi Aleksandar Stanojevic, Galatasaray ma\u00e7\u0131n\u0131n akabinde a\u00e7\u0131klamalarda bulundu.<\/p>\n<p> Aleksandar Stanojevic, &#8220;Bence birinci yar\u0131da d\u00fczg\u00fcn oynad\u0131\u011f\u0131m\u0131z\u0131 d\u00fc\u015f\u00fcn\u00fcyorum ama i\u015fin sonunda Galatasaray&#8217;\u0131n kalitesi fark\u0131 yaratt\u0131. Gayelerimiz i\u00e7in sava\u015fmaya, \u00e7al\u0131\u015fmaya devam ediyoruz. \u0130leride sonu\u00e7lar\u0131n gelece\u011fine inan\u0131yorum.&#8221; dedi.<\/p>\n<p> Stanojevic, &#8220;\u0130lk yar\u0131da g\u00fczeldik. \u0130kinci yar\u0131da oda\u011f\u0131m\u0131z\u0131 kaybettik ve sonu\u00e7 istemedi\u011fimiz \u00fczere oldu. Tahlil i\u00e7in \u00e7al\u0131\u015f\u0131yoruz. Transferler de gelecek. D\u00f6nem uzun ve beklemedeyiz.&#8221; kelamlar\u0131n\u0131 sarf etti. <\/p>\n<p> <strong>BASIN TOPLANTISI<\/strong><\/p>\n<p> S\u0131rp teknik adam, Atat\u00fcrk Olimpiyat Stad\u0131&#8217;nda yap\u0131lan ma\u00e7\u0131n akabinde d\u00fczenlenen bas\u0131n toplant\u0131s\u0131nda a\u00e7\u0131klamalarda bulundu.<\/p>\n<p> Gayretin birinci yar\u0131s\u0131nda g\u00fczel performans sergilediklerini lisana getiren Stanojevic, &#8220;Bug\u00fcnk\u00fc ma\u00e7ta her \u015feyimizi verdik. \u00c7al\u0131\u015ft\u0131k, planlar\u0131m\u0131z da vard\u0131. \u0130kinci yar\u0131da konsantrasyon kayb\u0131ndan \u00f6t\u00fcr\u00fc iki gol yedik. Galatasaray da kalitesini g\u00f6sterdi. O iki golden sonra ma\u00e7\u0131 bitirdiler. \u015eu anda yanl\u0131\u015fs\u0131z yolday\u0131z. Gelecek ma\u00e7lar\u0131 d\u00fc\u015f\u00fcn\u00fcyoruz. Bundan sonra daha fazla d\u00fczeyimizde ekiplere kar\u015f\u0131 oynayaca\u011f\u0131z. Gelecekteki sonu\u00e7lar i\u00e7in umutluyum.&#8221; diye konu\u015ftu.<\/p>\n<p> Santrfor eksikli\u011fi \u00e7ektiklerini aktaran 52 ya\u015f\u0131ndaki \u00e7al\u0131\u015ft\u0131r\u0131c\u0131, &#8220;Tak\u0131mda katiyen bir golc\u00fc eksikli\u011fi var. David Datro Fofana, mukavelesindeki bir opsiyondan \u00f6t\u00fcr\u00fc ortam\u0131zdan ayr\u0131lmak zorunda kald\u0131. Kul\u00fcp de bu hususta hi\u00e7bir \u015fey yapamad\u0131. Bir forvet aray\u0131\u015f\u0131 i\u00e7indeyiz. Lakin bunu yaparken tez etmiyoruz. Transfer periyodu uzun ve yanl\u0131\u015f karar vermek istemiyoruz. \u015eayet elimde bir santrfor yahut \u00f6teki oyuncular olsa i\u015fim \u00e7ok daha kolayla\u015f\u0131rd\u0131.&#8221; dedi.<\/p>\n<p> Aleksandar Stanojevic, santrfor haricinde de oyuncu alacaklar\u0131na de\u011finerek, &#8220;Daha \u00e7ok oyuncuya gereksinimim var. Kul\u00fcb\u00fcn de transfer hakk\u0131nda bir plan\u0131 var. Yak\u0131nda umar\u0131m yeni oyuncular ortam\u0131za kat\u0131lacak. Fakat ikinci yar\u0131daki konsatrasyon eksikli\u011fi bir mazeret olamaz. Bu mevzuyu transferlerle a\u00e7\u0131klayamay\u0131z. Burada b\u00fcsb\u00fct\u00fcn bizim kusurumuz var. Her \u015fey elimizdeydi. Biraz daha ma\u00e7ta kalabilseydik bu t\u00fcrl\u00fc olmayacakt\u0131. O y\u00fczden mazeret aram\u0131yorum.&#8221; s\u00f6zlerini kulland\u0131.<\/p>\n<\/div>\n","protected":false},"excerpt":{"rendered":"<p>Fatih Karag\u00fcmr\u00fck Teknik Y\u00f6neticisi Aleksandar Stanojevic, Galatasaray ma\u00e7\u0131n\u0131n akabinde konu\u015ftu.<\/p>\n","protected":false},"author":1,"featured_media":52842,"comment_status":"open","ping_status":"open","sticky":false,"template":"","format":"standard","meta":{"footnotes":""},"categories":[25],"tags":[3913,2800],"class_list":["post-52841","post","type-post","status-publish","format-standard","has-post-thumbnail","hentry","category-futbol","tag-stanojevic","tag-yarida"],"_links":{"self":[{"href":"https:\/\/haberbesiktas.tr\/index.php?rest_route=\/wp\/v2\/posts\/52841","targetHints":{"allow":["GET"]}}],"collection":[{"href":"https:\/\/haberbesiktas.tr\/index.php?rest_route=\/wp\/v2\/posts"}],"about":[{"href":"https:\/\/haberbesiktas.tr\/index.php?rest_route=\/wp\/v2\/types\/post"}],"author":[{"embeddable":true,"href":"https:\/\/haberbesiktas.tr\/index.php?rest_route=\/wp\/v2\/users\/1"}],"replies":[{"embeddable":true,"href":"https:\/\/haberbesiktas.tr\/index.php?rest_route=%2Fwp%2Fv2%2Fcomments&post=52841"}],"version-history":[{"count":1,"href":"https:\/\/haberbesiktas.tr\/index.php?rest_route=\/wp\/v2\/posts\/52841\/revisions"}],"predecessor-version":[{"id":52843,"href":"https:\/\/haberbesiktas.tr\/index.php?rest_route=\/wp\/v2\/posts\/52841\/revisions\/52843"}],"wp:featuredmedia":[{"embeddable":true,"href":"https:\/\/haberbesiktas.tr\/index.php?rest_route=\/wp\/v2\/media\/52842"}],"wp:attachment":[{"href":"https:\/\/haberbesiktas.tr\/index.php?rest_route=%2Fwp%2Fv2%2Fmedia&parent=52841"}],"wp:term":[{"taxonomy":"category","embeddable":true,"href":"https:\/\/haberbesiktas.tr\/index.php?rest_route=%2Fwp%2Fv2%2Fcategories&post=52841"},{"taxonomy":"post_tag","embeddable":true,"href":"https:\/\/haberbesiktas.tr\/index.php?rest_route=%2Fwp%2Fv2%2Ftags&post=52841"}],"curies":[{"name":"wp","href":"https:\/\/api.w.org\/{rel}","templated":true}]}}