{"id":52844,"date":"2026-01-25T01:48:05","date_gmt":"2026-01-25T01:48:05","guid":{"rendered":"https:\/\/haberbesiktas.tr\/?p=52844"},"modified":"2026-01-25T01:48:05","modified_gmt":"2026-01-25T01:48:05","slug":"osimhen-gomise-1-adim-daha-yaklasti","status":"publish","type":"post","link":"https:\/\/haberbesiktas.tr\/?p=52844","title":{"rendered":"Osimhen, Gomis&#8217;e 1 ad\u0131m daha yakla\u015ft\u0131!"},"content":{"rendered":"<div>\n<p>Gakatasaray&#8217;da ikinci d\u00f6nemini ge\u00e7iren Victor Osimhen, kul\u00fcp tarihinin en golc\u00fc yabanc\u0131lar\u0131 listesinde y\u00fckselmeye devam ediyor.<\/p>\n<p> Galatasaray formas\u0131yla 2 d\u00f6nemde 59. resmi ma\u00e7\u0131na \u00e7\u0131kan 27 ya\u015f\u0131ndaki santrfor, toplamda 50 gole ula\u015ft\u0131. Galatasaray tarihinin en golc\u00fc 5. yabanc\u0131 oyuncusu olan Osimhen, 2 kere daha fileleri havaland\u0131rmas\u0131 durumunda 51 goll\u00fc Bafetimbi Gomis&#8217;i ge\u00e7erek 4. s\u0131raya yerle\u015fecek.\u00a0<\/p>\n<p> <strong>OSIMHEN, 13 GOLE ULA\u015eTI<\/strong> <\/p>\n<p> Galatasaray&#8217;\u0131n Nijeryal\u0131 y\u0131ld\u0131z\u0131 Victor Osimhen, bu d\u00f6nem resmi ma\u00e7lardaki gol say\u0131s\u0131n\u0131 13&#8217;e \u00e7\u0131kard\u0131.<\/p>\n<p> M\u00fcsabakan\u0131n 55. dakikas\u0131nda grubunun \u00fc\u00e7\u00fcnc\u00fc, kendisinin ise birinci gol\u00fcn\u00fc atan Osimhen, \u00dcst\u00fcn Lig&#8217;deki 13. ma\u00e7\u0131nda 7. defa fileleri havaland\u0131rm\u0131\u015f oldu.<\/p>\n<p> Osimhen&#8217;in UEFA \u015eampiyonlar Ligi&#8217;ndeki 5 ma\u00e7ta 6 gol\u00fc bulunuyor.<\/p>\n<\/div>\n","protected":false},"excerpt":{"rendered":"<p>Victor Osimhen, Galatasaray formas\u0131yla 2 d\u00f6nemde 50 gole ula\u015farak kul\u00fcp tarihinin en golc\u00fc yabanc\u0131lar\u0131 listesinde 5. s\u0131raya y\u00fckseldi.<\/p>\n","protected":false},"author":1,"featured_media":52845,"comment_status":"open","ping_status":"open","sticky":false,"template":"","format":"standard","meta":{"footnotes":""},"categories":[25],"tags":[77],"class_list":["post-52844","post","type-post","status-publish","format-standard","has-post-thumbnail","hentry","category-futbol","tag-gol"],"_links":{"self":[{"href":"https:\/\/haberbesiktas.tr\/index.php?rest_route=\/wp\/v2\/posts\/52844","targetHints":{"allow":["GET"]}}],"collection":[{"href":"https:\/\/haberbesiktas.tr\/index.php?rest_route=\/wp\/v2\/posts"}],"about":[{"href":"https:\/\/haberbesiktas.tr\/index.php?rest_route=\/wp\/v2\/types\/post"}],"author":[{"embeddable":true,"href":"https:\/\/haberbesiktas.tr\/index.php?rest_route=\/wp\/v2\/users\/1"}],"replies":[{"embeddable":true,"href":"https:\/\/haberbesiktas.tr\/index.php?rest_route=%2Fwp%2Fv2%2Fcomments&post=52844"}],"version-history":[{"count":1,"href":"https:\/\/haberbesiktas.tr\/index.php?rest_route=\/wp\/v2\/posts\/52844\/revisions"}],"predecessor-version":[{"id":52846,"href":"https:\/\/haberbesiktas.tr\/index.php?rest_route=\/wp\/v2\/posts\/52844\/revisions\/52846"}],"wp:featuredmedia":[{"embeddable":true,"href":"https:\/\/haberbesiktas.tr\/index.php?rest_route=\/wp\/v2\/media\/52845"}],"wp:attachment":[{"href":"https:\/\/haberbesiktas.tr\/index.php?rest_route=%2Fwp%2Fv2%2Fmedia&parent=52844"}],"wp:term":[{"taxonomy":"category","embeddable":true,"href":"https:\/\/haberbesiktas.tr\/index.php?rest_route=%2Fwp%2Fv2%2Fcategories&post=52844"},{"taxonomy":"post_tag","embeddable":true,"href":"https:\/\/haberbesiktas.tr\/index.php?rest_route=%2Fwp%2Fv2%2Ftags&post=52844"}],"curies":[{"name":"wp","href":"https:\/\/api.w.org\/{rel}","templated":true}]}}