{"id":52922,"date":"2026-01-25T11:48:05","date_gmt":"2026-01-25T11:48:05","guid":{"rendered":"https:\/\/haberbesiktas.tr\/?p=52922"},"modified":"2026-01-25T11:48:05","modified_gmt":"2026-01-25T11:48:05","slug":"fenerbahcede-en-nesyri-gelismesi","status":"publish","type":"post","link":"https:\/\/haberbesiktas.tr\/?p=52922","title":{"rendered":"Fenerbah\u00e7e&#8217;de En-Nesyri geli\u015fmesi!"},"content":{"rendered":"<div>S\u00fcper Lig&#8217;de G\u00f6ztepe ile alan\u0131nda kar\u015f\u0131la\u015facak Fenerbah\u00e7e&#8217;de k\u0131ymetli bir geli\u015fme ya\u015fand\u0131.<\/p>\n<p> Sar\u0131-lacivertlilerde Afrika Kupas\u0131&#8217;ndan d\u00f6nen ve ayr\u0131l\u0131\u011f\u0131 g\u00fcndemde olan Youssef En-Nesyri, G\u00f6ztepe ma\u00e7\u0131n\u0131n tak\u0131m\u0131na dahil edildi.<\/p>\n<p>\u0130talya&#8217;dan Juventus, En-Nesyri i\u00e7in Fenerbah\u00e7e ile mutabakat sa\u011flad\u0131 lakin Fasl\u0131 futbolcu i\u00e7in daha sonra Sevilla devreye girdi. En-Nesyri&#8217;nin gelece\u011fi bu nedenle \u015fimdi netlik kazanmad\u0131.<\/p>\n<p> Fenerbah\u00e7e formas\u0131 alt\u0131nda bu d\u00f6nem 25 ma\u00e7ta m\u00fcddet bulan Fasl\u0131 santrfor, 8 gol att\u0131 ve 1 asist yapt\u0131.<\/p>\n<\/div>\n","protected":false},"excerpt":{"rendered":"<p>Fenerbah\u00e7e&#8217;de transferi g\u00fcndemde olan Youssef En-Nesyri, G\u00f6ztepe ma\u00e7 tak\u0131m\u0131na al\u0131nd\u0131.<\/p>\n","protected":false},"author":1,"featured_media":52923,"comment_status":"open","ping_status":"open","sticky":false,"template":"","format":"standard","meta":{"footnotes":""},"categories":[25],"tags":[],"class_list":["post-52922","post","type-post","status-publish","format-standard","has-post-thumbnail","hentry","category-futbol"],"_links":{"self":[{"href":"https:\/\/haberbesiktas.tr\/index.php?rest_route=\/wp\/v2\/posts\/52922","targetHints":{"allow":["GET"]}}],"collection":[{"href":"https:\/\/haberbesiktas.tr\/index.php?rest_route=\/wp\/v2\/posts"}],"about":[{"href":"https:\/\/haberbesiktas.tr\/index.php?rest_route=\/wp\/v2\/types\/post"}],"author":[{"embeddable":true,"href":"https:\/\/haberbesiktas.tr\/index.php?rest_route=\/wp\/v2\/users\/1"}],"replies":[{"embeddable":true,"href":"https:\/\/haberbesiktas.tr\/index.php?rest_route=%2Fwp%2Fv2%2Fcomments&post=52922"}],"version-history":[{"count":1,"href":"https:\/\/haberbesiktas.tr\/index.php?rest_route=\/wp\/v2\/posts\/52922\/revisions"}],"predecessor-version":[{"id":52924,"href":"https:\/\/haberbesiktas.tr\/index.php?rest_route=\/wp\/v2\/posts\/52922\/revisions\/52924"}],"wp:featuredmedia":[{"embeddable":true,"href":"https:\/\/haberbesiktas.tr\/index.php?rest_route=\/wp\/v2\/media\/52923"}],"wp:attachment":[{"href":"https:\/\/haberbesiktas.tr\/index.php?rest_route=%2Fwp%2Fv2%2Fmedia&parent=52922"}],"wp:term":[{"taxonomy":"category","embeddable":true,"href":"https:\/\/haberbesiktas.tr\/index.php?rest_route=%2Fwp%2Fv2%2Fcategories&post=52922"},{"taxonomy":"post_tag","embeddable":true,"href":"https:\/\/haberbesiktas.tr\/index.php?rest_route=%2Fwp%2Fv2%2Ftags&post=52922"}],"curies":[{"name":"wp","href":"https:\/\/api.w.org\/{rel}","templated":true}]}}