{"id":52946,"date":"2026-01-25T13:24:05","date_gmt":"2026-01-25T13:24:05","guid":{"rendered":"https:\/\/haberbesiktas.tr\/?p=52946"},"modified":"2026-01-25T13:24:05","modified_gmt":"2026-01-25T13:24:05","slug":"livakovicten-gelecegi-icin-karar","status":"publish","type":"post","link":"https:\/\/haberbesiktas.tr\/?p=52946","title":{"rendered":"Livakovic&#8217;ten gelece\u011fi i\u00e7in karar"},"content":{"rendered":"<div>\u0130spanya La Liga&#8217;da pazartesi g\u00fcn\u00fc Getafe ile kar\u015f\u0131la\u015facak Girona, yeni transferi Marc-Andre ter Stegen&#8217;i bu ma\u00e7a yeti\u015ftirmek istiyor.<\/p>\n<p> \u0130spanyol grubu, Barcelona&#8217;dan tak\u0131m\u0131na katt\u0131\u011f\u0131 Stegen&#8217;in \u015fimdi La Liga listesine yazamad\u0131.<\/p>\n<p><strong>FORMASINI VERMEK \u0130ST\u0130YORLAR<\/strong><\/p>\n<p> AS&#8217;ta yer alan habere nazaran, Fenerbah\u00e7e&#8217;den kiralanan Dominik Livakovic ile yollar\u0131n\u0131 ay\u0131rmak isteyen Girona, Livakovic ile vedala\u015f\u0131p H\u0131rvat eldivenin giydi\u011fi 1 numaral\u0131 formay\u0131 Stegen&#8217;e emanet etmek istiyor. <\/p>\n<p> Girona, pazartesi ma\u00e7a kadar olan dilimde Livakovic ile yollar\u0131n\u0131 ay\u0131ramazsa, Stegen&#8217;e di\u011fer bir numara verecek.<\/p>\n<p><strong>GELECE\u011e\u0130 \u0130\u00c7\u0130N NET KARAR<\/strong><\/p>\n<p> Girona&#8217;dan ayr\u0131lmak isteyen ve kontrat fesih iste\u011fini aylar \u00f6ncesinden lisana getiren Livakovic ise gelece\u011fi konusunda net bir tutum ortaya koyuyor.<\/p>\n<p> \u0130spanyol bas\u0131n\u0131nda yer alan habere nazaran, Livakovic, birka\u00e7 teklif almas\u0131na kar\u015f\u0131n eski grubu Dinamo Zagreb&#8217;e d\u00f6nmek konusunda \u0131srar ediyor.<\/p>\n<p><strong>\u0130SPANYA&#8217;DA MA\u00c7A \u00c7IKMADI<\/strong><\/p>\n<p> Fenerbah\u00e7e&#8217;den yaz transfer periyodunda Girona&#8217;ya kiralanan Livakovic, \u0130spanyol tak\u0131m\u0131nda ma\u00e7a \u00e7\u0131kmad\u0131.<\/p>\n<\/div>\n","protected":false},"excerpt":{"rendered":"<p>Girona&#8217;dan ayr\u0131lmak isteyen Dominik Livakovic, birka\u00e7 kadrodan teklif almas\u0131na kar\u015f\u0131n eski kadrosu Dinamo Zagreb&#8217;e d\u00f6nmek konusunda \u0131srar ediyor.<\/p>\n","protected":false},"author":1,"featured_media":52947,"comment_status":"open","ping_status":"open","sticky":false,"template":"","format":"standard","meta":{"footnotes":""},"categories":[25],"tags":[2749],"class_list":["post-52946","post","type-post","status-publish","format-standard","has-post-thumbnail","hentry","category-futbol","tag-livakovic"],"_links":{"self":[{"href":"https:\/\/haberbesiktas.tr\/index.php?rest_route=\/wp\/v2\/posts\/52946","targetHints":{"allow":["GET"]}}],"collection":[{"href":"https:\/\/haberbesiktas.tr\/index.php?rest_route=\/wp\/v2\/posts"}],"about":[{"href":"https:\/\/haberbesiktas.tr\/index.php?rest_route=\/wp\/v2\/types\/post"}],"author":[{"embeddable":true,"href":"https:\/\/haberbesiktas.tr\/index.php?rest_route=\/wp\/v2\/users\/1"}],"replies":[{"embeddable":true,"href":"https:\/\/haberbesiktas.tr\/index.php?rest_route=%2Fwp%2Fv2%2Fcomments&post=52946"}],"version-history":[{"count":1,"href":"https:\/\/haberbesiktas.tr\/index.php?rest_route=\/wp\/v2\/posts\/52946\/revisions"}],"predecessor-version":[{"id":52948,"href":"https:\/\/haberbesiktas.tr\/index.php?rest_route=\/wp\/v2\/posts\/52946\/revisions\/52948"}],"wp:featuredmedia":[{"embeddable":true,"href":"https:\/\/haberbesiktas.tr\/index.php?rest_route=\/wp\/v2\/media\/52947"}],"wp:attachment":[{"href":"https:\/\/haberbesiktas.tr\/index.php?rest_route=%2Fwp%2Fv2%2Fmedia&parent=52946"}],"wp:term":[{"taxonomy":"category","embeddable":true,"href":"https:\/\/haberbesiktas.tr\/index.php?rest_route=%2Fwp%2Fv2%2Fcategories&post=52946"},{"taxonomy":"post_tag","embeddable":true,"href":"https:\/\/haberbesiktas.tr\/index.php?rest_route=%2Fwp%2Fv2%2Ftags&post=52946"}],"curies":[{"name":"wp","href":"https:\/\/api.w.org\/{rel}","templated":true}]}}