{"id":52949,"date":"2026-01-25T13:36:05","date_gmt":"2026-01-25T13:36:05","guid":{"rendered":"https:\/\/haberbesiktas.tr\/?p=52949"},"modified":"2026-01-25T13:36:05","modified_gmt":"2026-01-25T13:36:05","slug":"sarriden-ayrilan-oyuncularla-ilgili-aciklama","status":"publish","type":"post","link":"https:\/\/haberbesiktas.tr\/?p=52949","title":{"rendered":"Sarri&#8217;den ayr\u0131lan oyuncularla ilgili a\u00e7\u0131klama"},"content":{"rendered":"<div>Lazio Teknik Y\u00f6neticisi Maurizio Sarri, ligde Lecce ile deplasmanda oynad\u0131klar\u0131 ve 0-0 sona eren ma\u00e7\u0131n akabinde konu\u015ftu.<\/p>\n<p> Kadroya veda eden oyuncularla ilgili a\u00e7\u0131klama yapan \u0130talyan teknik adam, <strong>&#8220;Ayr\u0131lan oyuncular, kadroda hi\u00e7bir maksat g\u00f6rmedikleri i\u00e7in ayr\u0131lmak istediklerini s\u00f6ylediler.&#8221;<\/strong> dedi.<\/p>\n<p><strong>TAKIMA VEDA EDENLER<\/strong><\/p>\n<p> Lazio, orta transfer periyodunda Matteo Guendouzi&#8217;yi Fenerbah\u00e7e&#8217;ye, Taty Castellanos&#8217;u da West Ham United&#8217;a g\u00f6ndermi\u015fti.<\/p>\n<p><strong>GUENDOUZI S\u00d6ZLER\u0130<\/strong> <\/p>\n<p> Sarri, Fenerbah\u00e7e&#8217;ye 28 milyon euro bedelle transfer olan Guendouzi i\u00e7in daha evvel de<strong>, &#8220;Gelece\u011fimizi Guendouzi ile kurmak isterdim. Onun kalmas\u0131n\u0131 bekliyordum. Onu, kul\u00fcb\u00fcn gelece\u011findeki 7-8 kilit oyuncudan biri olarak g\u00f6r\u00fcyordum.&#8221;<\/strong> demi\u015fti.<\/p>\n<\/div>\n","protected":false},"excerpt":{"rendered":"<p>Lazio Teknik Y\u00f6neticisi Maurizio Sarri, gruptan ayr\u0131lan oyuncularla ilgili konu\u015ftu. Sarri, &#8220;Ayr\u0131lan oyuncular grupta hi\u00e7bir gaye g\u00f6rmedikleri i\u00e7in ayr\u0131lmak istediklerini s\u00f6ylediler.&#8221; kelamlar\u0131n\u0131 kulland\u0131.<\/p>\n","protected":false},"author":1,"featured_media":52950,"comment_status":"open","ping_status":"open","sticky":false,"template":"","format":"standard","meta":{"footnotes":""},"categories":[25],"tags":[],"class_list":["post-52949","post","type-post","status-publish","format-standard","has-post-thumbnail","hentry","category-futbol"],"_links":{"self":[{"href":"https:\/\/haberbesiktas.tr\/index.php?rest_route=\/wp\/v2\/posts\/52949","targetHints":{"allow":["GET"]}}],"collection":[{"href":"https:\/\/haberbesiktas.tr\/index.php?rest_route=\/wp\/v2\/posts"}],"about":[{"href":"https:\/\/haberbesiktas.tr\/index.php?rest_route=\/wp\/v2\/types\/post"}],"author":[{"embeddable":true,"href":"https:\/\/haberbesiktas.tr\/index.php?rest_route=\/wp\/v2\/users\/1"}],"replies":[{"embeddable":true,"href":"https:\/\/haberbesiktas.tr\/index.php?rest_route=%2Fwp%2Fv2%2Fcomments&post=52949"}],"version-history":[{"count":1,"href":"https:\/\/haberbesiktas.tr\/index.php?rest_route=\/wp\/v2\/posts\/52949\/revisions"}],"predecessor-version":[{"id":52951,"href":"https:\/\/haberbesiktas.tr\/index.php?rest_route=\/wp\/v2\/posts\/52949\/revisions\/52951"}],"wp:featuredmedia":[{"embeddable":true,"href":"https:\/\/haberbesiktas.tr\/index.php?rest_route=\/wp\/v2\/media\/52950"}],"wp:attachment":[{"href":"https:\/\/haberbesiktas.tr\/index.php?rest_route=%2Fwp%2Fv2%2Fmedia&parent=52949"}],"wp:term":[{"taxonomy":"category","embeddable":true,"href":"https:\/\/haberbesiktas.tr\/index.php?rest_route=%2Fwp%2Fv2%2Fcategories&post=52949"},{"taxonomy":"post_tag","embeddable":true,"href":"https:\/\/haberbesiktas.tr\/index.php?rest_route=%2Fwp%2Fv2%2Ftags&post=52949"}],"curies":[{"name":"wp","href":"https:\/\/api.w.org\/{rel}","templated":true}]}}