{"id":52952,"date":"2026-01-25T13:48:03","date_gmt":"2026-01-25T13:48:03","guid":{"rendered":"https:\/\/haberbesiktas.tr\/?p=52952"},"modified":"2026-01-25T13:48:03","modified_gmt":"2026-01-25T13:48:03","slug":"pablo-laso-nasil-gelismemiz-gerektigini-gosteriyor","status":"publish","type":"post","link":"https:\/\/haberbesiktas.tr\/?p=52952","title":{"rendered":"Pablo Laso: &#8220;Nas\u0131l geli\u015fmemiz gerekti\u011fini g\u00f6steriyor&#8221;"},"content":{"rendered":"<div>Anadolu Efes Ba\u015fantren\u00f6r\u00fc Pablo Laso, ligde Bursaspor Basketbol kar\u015f\u0131s\u0131nda ald\u0131klar\u0131 95-80&#8217;lik galibiyeti k\u0131ymetlendirdi.<\/p>\n<p> <strong>Laso&#8217;nun ma\u00e7 sonu s\u00f6zleri \u015fu formda:<\/strong><\/p>\n<p> &#8220;Benim i\u00e7in ma\u00e7\u0131n ba\u015f\u0131ndan itibaren savunmam\u0131z ile oyunun gidi\u015fat\u0131n\u0131 belirlememiz \u00e7ok de\u011ferliydi. Bu da bize ma\u00e7 boyunca b\u00fcy\u00fck bir \u00f6z itimat verdi. \u015eut performans\u0131m\u0131z ve top payla\u015f\u0131m\u0131m\u0131z daha d\u00fczg\u00fcnd\u00fc ve \u00e7ok yeterli bir \u015fut gecesi ge\u00e7irmemi\u015f olmam\u0131za kar\u015f\u0131n 95 say\u0131 att\u0131k. Savunmada ger\u00e7ek i\u015fler yapt\u0131k. Bu da grup olarak nas\u0131l geli\u015fmemiz gerekti\u011fine dair yolu g\u00f6steriyor. Galibiyetten \u00f6t\u00fcr\u00fc memnunum.&#8221;<\/p>\n<\/div>\n","protected":false},"excerpt":{"rendered":"<p>Anadolu Efes Ba\u015fantren\u00f6r\u00fc Pablo Laso, Bursaspor Basketbol galibiyetini k\u0131ymetlendirdi.<\/p>\n","protected":false},"author":1,"featured_media":52953,"comment_status":"open","ping_status":"open","sticky":false,"template":"","format":"standard","meta":{"footnotes":""},"categories":[10],"tags":[],"class_list":["post-52952","post","type-post","status-publish","format-standard","has-post-thumbnail","hentry","category-basketbol"],"_links":{"self":[{"href":"https:\/\/haberbesiktas.tr\/index.php?rest_route=\/wp\/v2\/posts\/52952","targetHints":{"allow":["GET"]}}],"collection":[{"href":"https:\/\/haberbesiktas.tr\/index.php?rest_route=\/wp\/v2\/posts"}],"about":[{"href":"https:\/\/haberbesiktas.tr\/index.php?rest_route=\/wp\/v2\/types\/post"}],"author":[{"embeddable":true,"href":"https:\/\/haberbesiktas.tr\/index.php?rest_route=\/wp\/v2\/users\/1"}],"replies":[{"embeddable":true,"href":"https:\/\/haberbesiktas.tr\/index.php?rest_route=%2Fwp%2Fv2%2Fcomments&post=52952"}],"version-history":[{"count":1,"href":"https:\/\/haberbesiktas.tr\/index.php?rest_route=\/wp\/v2\/posts\/52952\/revisions"}],"predecessor-version":[{"id":52954,"href":"https:\/\/haberbesiktas.tr\/index.php?rest_route=\/wp\/v2\/posts\/52952\/revisions\/52954"}],"wp:featuredmedia":[{"embeddable":true,"href":"https:\/\/haberbesiktas.tr\/index.php?rest_route=\/wp\/v2\/media\/52953"}],"wp:attachment":[{"href":"https:\/\/haberbesiktas.tr\/index.php?rest_route=%2Fwp%2Fv2%2Fmedia&parent=52952"}],"wp:term":[{"taxonomy":"category","embeddable":true,"href":"https:\/\/haberbesiktas.tr\/index.php?rest_route=%2Fwp%2Fv2%2Fcategories&post=52952"},{"taxonomy":"post_tag","embeddable":true,"href":"https:\/\/haberbesiktas.tr\/index.php?rest_route=%2Fwp%2Fv2%2Ftags&post=52952"}],"curies":[{"name":"wp","href":"https:\/\/api.w.org\/{rel}","templated":true}]}}