{"id":52961,"date":"2026-01-25T14:24:05","date_gmt":"2026-01-25T14:24:05","guid":{"rendered":"https:\/\/haberbesiktas.tr\/?p=52961"},"modified":"2026-01-25T14:24:05","modified_gmt":"2026-01-25T14:24:05","slug":"okan-buruktan-galibiyet-sonrasi-kenetlenme-cagrisi","status":"publish","type":"post","link":"https:\/\/haberbesiktas.tr\/?p=52961","title":{"rendered":"Okan Buruk&#8217;tan galibiyet sonras\u0131 &#8220;kenetlenme&#8221; \u00e7a\u011fr\u0131s\u0131"},"content":{"rendered":"<div>Trendyol Muhte\u015fem Lig&#8217;in 19. hafta ma\u00e7\u0131nda Galatasaray, deplasmanda Fatih Karag\u00fcmr\u00fck ile kar\u015f\u0131 kar\u015f\u0131ya geldi.<\/p>\n<p>Atat\u00fcrk Olimpiyat Stadyumu&#8217;nda oynanan \u00e7abay\u0131 sar\u0131 k\u0131rm\u0131z\u0131l\u0131lar 3-1&#8217;lik skorla kazand\u0131.<\/p>\n<p>M\u00fccadelenin ard\u0131ndan\u00a0 Galatasaray Teknik Y\u00f6neticisi Okan Buruk, toplumsal medya hesab\u0131ndan yapt\u0131\u011f\u0131 payla\u015f\u0131mlarla toplulu\u011fa birlik ve beraberlik iletisi verdi. Buruk, trib\u00fcnlerle b\u00fct\u00fcnle\u015fti\u011fi anlar\u0131n yer ald\u0131\u011f\u0131 kareleri payla\u015f\u0131rken, &#8220;#kenetlenba\u015fkagalatasarayyok&#8221; etiketiyle dikkat \u00e7ekti.<\/p>\n<p><strong>\u0130\u015eTE O PAYLA\u015eIMLAR;<\/strong><\/p>\n<p> <img decoding=\"async\" src=\"https:\/\/haberbesiktas.tr\/wp-content\/uploads\/2026\/01\/okan-buruktan-galibiyet-sonrasi-kenetlenme-cagrisi-0-dNnpnGvF.jpeg\"\/><\/p>\n<p> <img decoding=\"async\" src=\"https:\/\/haberbesiktas.tr\/wp-content\/uploads\/2026\/01\/okan-buruktan-galibiyet-sonrasi-kenetlenme-cagrisi-1-6SsNXtxe.jpeg\"\/><\/p>\n<p> <img decoding=\"async\" src=\"https:\/\/haberbesiktas.tr\/wp-content\/uploads\/2026\/01\/okan-buruktan-galibiyet-sonrasi-kenetlenme-cagrisi-2-DVhkrxIJ.jpeg\"\/><\/p>\n<\/div>\n","protected":false},"excerpt":{"rendered":"<p>Galatasaray Teknik Y\u00f6neticisi Okan Buruk, Fatih Karag\u00fcmr\u00fck galibiyeti sonras\u0131 payla\u015f\u0131mlarda bulundu.<\/p>\n","protected":false},"author":1,"featured_media":52962,"comment_status":"open","ping_status":"open","sticky":false,"template":"","format":"standard","meta":{"footnotes":""},"categories":[25],"tags":[],"class_list":["post-52961","post","type-post","status-publish","format-standard","has-post-thumbnail","hentry","category-futbol"],"_links":{"self":[{"href":"https:\/\/haberbesiktas.tr\/index.php?rest_route=\/wp\/v2\/posts\/52961","targetHints":{"allow":["GET"]}}],"collection":[{"href":"https:\/\/haberbesiktas.tr\/index.php?rest_route=\/wp\/v2\/posts"}],"about":[{"href":"https:\/\/haberbesiktas.tr\/index.php?rest_route=\/wp\/v2\/types\/post"}],"author":[{"embeddable":true,"href":"https:\/\/haberbesiktas.tr\/index.php?rest_route=\/wp\/v2\/users\/1"}],"replies":[{"embeddable":true,"href":"https:\/\/haberbesiktas.tr\/index.php?rest_route=%2Fwp%2Fv2%2Fcomments&post=52961"}],"version-history":[{"count":1,"href":"https:\/\/haberbesiktas.tr\/index.php?rest_route=\/wp\/v2\/posts\/52961\/revisions"}],"predecessor-version":[{"id":52966,"href":"https:\/\/haberbesiktas.tr\/index.php?rest_route=\/wp\/v2\/posts\/52961\/revisions\/52966"}],"wp:featuredmedia":[{"embeddable":true,"href":"https:\/\/haberbesiktas.tr\/index.php?rest_route=\/wp\/v2\/media\/52962"}],"wp:attachment":[{"href":"https:\/\/haberbesiktas.tr\/index.php?rest_route=%2Fwp%2Fv2%2Fmedia&parent=52961"}],"wp:term":[{"taxonomy":"category","embeddable":true,"href":"https:\/\/haberbesiktas.tr\/index.php?rest_route=%2Fwp%2Fv2%2Fcategories&post=52961"},{"taxonomy":"post_tag","embeddable":true,"href":"https:\/\/haberbesiktas.tr\/index.php?rest_route=%2Fwp%2Fv2%2Ftags&post=52961"}],"curies":[{"name":"wp","href":"https:\/\/api.w.org\/{rel}","templated":true}]}}