{"id":52976,"date":"2026-01-25T15:12:07","date_gmt":"2026-01-25T15:12:07","guid":{"rendered":"https:\/\/haberbesiktas.tr\/?p=52976"},"modified":"2026-01-25T15:12:07","modified_gmt":"2026-01-25T15:12:07","slug":"galatasaraydan-flas-ali-koc-aciklamasi","status":"publish","type":"post","link":"https:\/\/haberbesiktas.tr\/?p=52976","title":{"rendered":"Galatasaray&#8217;dan fla\u015f Ali Ko\u00e7 a\u00e7\u0131klamas\u0131"},"content":{"rendered":"<div>Galatasaray Kul\u00fcb\u00fc, Fenerbah\u00e7e&#8217;nin eski lideri Ali Ko\u00e7 ile ilgili fla\u015f bir a\u00e7\u0131klama yapt\u0131.\u00a0<\/p>\n<p>\u0130\u015fte o a\u00e7\u0131klama:\u00a0<\/p>\n<p> &#8220;Bu \u00fclkenin sporu senden b\u0131kt\u0131 Ali Ko\u00e7!<\/p>\n<p> Ge\u00e7mi\u015fte futbola adaleti, \u015feffafl\u0131\u011f\u0131, pakl\u0131\u011f\u0131 getirece\u011fiz diye konu\u015fanlar\u0131n ger\u00e7ek y\u00fcz\u00fc bug\u00fcn bir kere daha ortaya \u00e7\u0131km\u0131\u015ft\u0131r.<\/p>\n<p> Ko\u00e7 Holding Y\u00f6netim Kurulu Lider Vekili Ali Ko\u00e7&#8217;un, teknik y\u00f6neticimiz Okan Buruk&#8217;u tehdit etmesi sadece bir kabahat de\u011fil; t\u0131pk\u0131 vakitte futbol alanlar\u0131ndaki rekabeti \u00f6teki yerlere \u00e7ekmeye \u00e7al\u0131\u015fan karanl\u0131k niyet usul\u00fcn\u00fcn geldi\u011fi son noktad\u0131r.<br \/>T\u00fcrkiye&#8217;nin en b\u00fcy\u00fck holdinglerinden birinin mensubu olman\u0131n verdi\u011fi g\u00fcc\u00fc ve itimad\u0131 f\u00fctursuzca sa\u011fa sola sald\u0131rmakla kullanan bu &#8220;Ali k\u0131ran ba\u015f kesen&#8221;in yapt\u0131\u011f\u0131n\u0131n ne birinci ne son olaca\u011f\u0131 a\u00e7\u0131k\u00e7a muhakkakt\u0131r. <\/p>\n<p> Bu ars\u0131z davran\u0131\u015f, bug\u00fcn Galatasaray Spor Kul\u00fcb\u00fc \u00fczerine oynanmak istenen kirli projeyi kimin kurgulamaya \u00e7al\u0131\u015ft\u0131\u011f\u0131n\u0131 bizlere a\u00e7\u0131k\u00e7a g\u00f6stermektedir.<\/p>\n<p> Galatasaray&#8217;\u0131 alanda yenemeyip, bu ba\u015far\u0131s\u0131zl\u0131k y\u00fcz\u00fcnden koltu\u011funu kaybeden bu \u015fah\u0131s, misyonu b\u0131rak\u0131nca ailesinin sahip oldu\u011fu g\u00fc\u00e7le, kul\u00fcb\u00fcm\u00fcz\u00fcn y\u00fcr\u00fcy\u00fc\u015f\u00fcn\u00fc engellemek i\u00e7in \u00e7al\u0131\u015fmaktad\u0131r.<\/p>\n<p> T\u00fcm T\u00fcrkiye bilmelidir ki Okan Hocam\u0131za yap\u0131lan bu tehdit Galatasaray Spor Kul\u00fcb\u00fc&#8217;ne yap\u0131lm\u0131\u015ft\u0131r.<\/p>\n<p> Bu \u015fahs\u0131n perde gerisinden yapmaya \u00e7al\u0131\u015ft\u0131klar\u0131na kar\u015f\u0131 Okan Buruk&#8217;un sonuna kadar yan\u0131nda olaca\u011f\u0131m\u0131z\u0131 buradan t\u00fcm kamuoyuna duyuruyoruz.<\/p>\n<p> Sa\u011fl\u0131kl\u0131 bir insan\u0131n toplumsal ortamda yapmamas\u0131 gereken hareketleri daima tekrar eden bu patolojik olay\u0131n hangi tesir alt\u0131nda oldu\u011fu ve ger\u00e7ekle\u015ftirmeye \u00e7abalad\u0131\u011f\u0131 sinsi planlar\u0131 \u00e7abucak ara\u015ft\u0131r\u0131lmal\u0131d\u0131r.<\/p>\n<p> Bu \u015fahs\u0131n en k\u0131sa m\u00fcddette denetim alt\u0131na al\u0131nmas\u0131 i\u00e7in Ko\u00e7 ailesini, kamuoyunu ve devletimizin yetkililerini misyona davet ediyoruz.<br \/>Ve bug\u00fcn kendisine net bir formda soruyoruz:<\/p>\n<p> Ali Ko\u00e7;<br \/>Sen Ko\u00e7 Holding&#8217;i gerine alarak a\u00e7t\u0131\u011f\u0131n bu ahlaks\u0131z sava\u015f ile Galatasaray toplulu\u011funa g\u00fcc\u00fcn\u00fcn yetece\u011fini mi zannediyorsun?<br \/>Sen kendini bu \u00fclkenin insanlar\u0131ndan daha \u00fcst\u00fcn m\u00fc zannediyorsun?<br \/>Sen kendini sahiden ne zannediyorsun?&#8221;<\/p>\n<p><img decoding=\"async\" src=\"https:\/\/haberbesiktas.tr\/wp-content\/uploads\/2026\/01\/galatasaraydan-flas-ali-koc-aciklamasi-0-1KFULFr5.jpg\"\/><\/p>\n<p><img decoding=\"async\" src=\"https:\/\/haberbesiktas.tr\/wp-content\/uploads\/2026\/01\/galatasaraydan-flas-ali-koc-aciklamasi-1-KHevETgs.jpg\"\/><\/div>\n","protected":false},"excerpt":{"rendered":"<p>Galatasaray Kul\u00fcb\u00fc, Fenerbah\u00e7e&#8217;nin eski lideri Ali Ko\u00e7 ile ilgili fla\u015f bir a\u00e7\u0131klama yapt\u0131.<\/p>\n","protected":false},"author":1,"featured_media":52977,"comment_status":"open","ping_status":"open","sticky":false,"template":"","format":"standard","meta":{"footnotes":""},"categories":[25],"tags":[267,213,129,266],"class_list":["post-52976","post","type-post","status-publish","format-standard","has-post-thumbnail","hentry","category-futbol","tag-ali","tag-bas","tag-galatasaray","tag-koc"],"_links":{"self":[{"href":"https:\/\/haberbesiktas.tr\/index.php?rest_route=\/wp\/v2\/posts\/52976","targetHints":{"allow":["GET"]}}],"collection":[{"href":"https:\/\/haberbesiktas.tr\/index.php?rest_route=\/wp\/v2\/posts"}],"about":[{"href":"https:\/\/haberbesiktas.tr\/index.php?rest_route=\/wp\/v2\/types\/post"}],"author":[{"embeddable":true,"href":"https:\/\/haberbesiktas.tr\/index.php?rest_route=\/wp\/v2\/users\/1"}],"replies":[{"embeddable":true,"href":"https:\/\/haberbesiktas.tr\/index.php?rest_route=%2Fwp%2Fv2%2Fcomments&post=52976"}],"version-history":[{"count":1,"href":"https:\/\/haberbesiktas.tr\/index.php?rest_route=\/wp\/v2\/posts\/52976\/revisions"}],"predecessor-version":[{"id":52980,"href":"https:\/\/haberbesiktas.tr\/index.php?rest_route=\/wp\/v2\/posts\/52976\/revisions\/52980"}],"wp:featuredmedia":[{"embeddable":true,"href":"https:\/\/haberbesiktas.tr\/index.php?rest_route=\/wp\/v2\/media\/52977"}],"wp:attachment":[{"href":"https:\/\/haberbesiktas.tr\/index.php?rest_route=%2Fwp%2Fv2%2Fmedia&parent=52976"}],"wp:term":[{"taxonomy":"category","embeddable":true,"href":"https:\/\/haberbesiktas.tr\/index.php?rest_route=%2Fwp%2Fv2%2Fcategories&post=52976"},{"taxonomy":"post_tag","embeddable":true,"href":"https:\/\/haberbesiktas.tr\/index.php?rest_route=%2Fwp%2Fv2%2Ftags&post=52976"}],"curies":[{"name":"wp","href":"https:\/\/api.w.org\/{rel}","templated":true}]}}