{"id":52981,"date":"2026-01-25T15:24:04","date_gmt":"2026-01-25T15:24:04","guid":{"rendered":"https:\/\/haberbesiktas.tr\/?p=52981"},"modified":"2026-01-25T15:24:04","modified_gmt":"2026-01-25T15:24:04","slug":"eden-hazard-mbappe-ballon-doru-kazanacaktir","status":"publish","type":"post","link":"https:\/\/haberbesiktas.tr\/?p=52981","title":{"rendered":"Eden Hazard: &#8220;Mbappe, Ballon d&#8217;Or&#8217;u kazanacakt\u0131r&#8221;"},"content":{"rendered":"<div>Real Madrid&#8217;in eski y\u0131ld\u0131z\u0131 Eden Hazard, \u0130spanyol devinin y\u0131ld\u0131z\u0131 Kylian Mbappe ile ilgili konu\u015ftu.<\/p>\n<p> Hazard, Mbappe&#8217;nin Ballon d&#8217;Or m\u00fckafat\u0131n\u0131 kazanaca\u011f\u0131n\u0131 s\u00f6yledi. Bel\u00e7ikal\u0131 eski y\u0131ld\u0131z, &#8220;<strong>Kylian&#8217;\u0131n \u015eampiyonlar Ligi ve La Liga&#8217;y\u0131 kazanmas\u0131 ve D\u00fcnya Kupas\u0131&#8217;nda m\u00fcmk\u00fcn oldu\u011funca ileriye gitmesi gerekiyor. Lakin onun i\u00e7in endi\u015felenmiyorum. Ballon d&#8217;Or&#8217;u kazanacakt\u0131r.&#8221;<\/strong> kelamlar\u0131n\u0131 sarf etti.<\/p>\n<p> Mbappe, ge\u00e7en y\u0131l Ballon d&#8217;Or oylamas\u0131nda yedinci s\u0131rada yer alm\u0131\u015ft\u0131.<\/p>\n<p> Real Madrid formas\u0131 alt\u0131nda bu d\u00f6nem 28 ma\u00e7ta m\u00fchlet bulan Frans\u0131z y\u0131ld\u0131z, 34 gol att\u0131 ve 5 asist yapt\u0131.<\/p>\n<p> \u00a0<\/p>\n<\/div>\n","protected":false},"excerpt":{"rendered":"<p>Real Madrid&#8217;in eski y\u0131ld\u0131z\u0131 Eden Hazard, \u0130spanyol devinin y\u0131ld\u0131z\u0131 Kylian Mbappe ile ilgili, &#8220;Ballon d&#8217;Or&#8217;u kazanacakt\u0131r.&#8221; dedi.<\/p>\n","protected":false},"author":1,"featured_media":52982,"comment_status":"open","ping_status":"open","sticky":false,"template":"","format":"standard","meta":{"footnotes":""},"categories":[25],"tags":[],"class_list":["post-52981","post","type-post","status-publish","format-standard","has-post-thumbnail","hentry","category-futbol"],"_links":{"self":[{"href":"https:\/\/haberbesiktas.tr\/index.php?rest_route=\/wp\/v2\/posts\/52981","targetHints":{"allow":["GET"]}}],"collection":[{"href":"https:\/\/haberbesiktas.tr\/index.php?rest_route=\/wp\/v2\/posts"}],"about":[{"href":"https:\/\/haberbesiktas.tr\/index.php?rest_route=\/wp\/v2\/types\/post"}],"author":[{"embeddable":true,"href":"https:\/\/haberbesiktas.tr\/index.php?rest_route=\/wp\/v2\/users\/1"}],"replies":[{"embeddable":true,"href":"https:\/\/haberbesiktas.tr\/index.php?rest_route=%2Fwp%2Fv2%2Fcomments&post=52981"}],"version-history":[{"count":1,"href":"https:\/\/haberbesiktas.tr\/index.php?rest_route=\/wp\/v2\/posts\/52981\/revisions"}],"predecessor-version":[{"id":52983,"href":"https:\/\/haberbesiktas.tr\/index.php?rest_route=\/wp\/v2\/posts\/52981\/revisions\/52983"}],"wp:featuredmedia":[{"embeddable":true,"href":"https:\/\/haberbesiktas.tr\/index.php?rest_route=\/wp\/v2\/media\/52982"}],"wp:attachment":[{"href":"https:\/\/haberbesiktas.tr\/index.php?rest_route=%2Fwp%2Fv2%2Fmedia&parent=52981"}],"wp:term":[{"taxonomy":"category","embeddable":true,"href":"https:\/\/haberbesiktas.tr\/index.php?rest_route=%2Fwp%2Fv2%2Fcategories&post=52981"},{"taxonomy":"post_tag","embeddable":true,"href":"https:\/\/haberbesiktas.tr\/index.php?rest_route=%2Fwp%2Fv2%2Ftags&post=52981"}],"curies":[{"name":"wp","href":"https:\/\/api.w.org\/{rel}","templated":true}]}}