{"id":52984,"date":"2026-01-25T15:36:05","date_gmt":"2026-01-25T15:36:05","guid":{"rendered":"https:\/\/haberbesiktas.tr\/?p=52984"},"modified":"2026-01-25T15:36:05","modified_gmt":"2026-01-25T15:36:05","slug":"psg-ile-barcelona-anlasti-dro-fernandez","status":"publish","type":"post","link":"https:\/\/haberbesiktas.tr\/?p=52984","title":{"rendered":"PSG ile Barcelona anla\u015ft\u0131: Dro Fernandez"},"content":{"rendered":"<div>Paris Saint-Germain, Barcelona&#8217;n\u0131n 18 ya\u015f\u0131ndaki gen\u00e7 yetene\u011fi Dro Fernandez&#8217;in transferini tamamlad\u0131.<\/p>\n<p> Fabrizio Romano&#8217;nun haberine nazaran; Taraflar ortas\u0131nda yap\u0131lan g\u00f6r\u00fc\u015fmelerin akabinde muahedeye var\u0131l\u0131rken, Frans\u0131z kul\u00fcb\u00fcn\u00fcn 6 milyon Euro&#8217;luk fesih unsurunun biraz \u00fczerinde bir bedel \u00f6demeyi kabul etti\u011fi \u00f6\u011frenildi.<\/p>\n<p> Haberde, PSG ile Barcelona ortas\u0131ndaki g\u00f6r\u00fc\u015fmelerin olumlu sonu\u00e7land\u0131\u011f\u0131 ve muahedenin resmiyet kazand\u0131\u011f\u0131 aktar\u0131ld\u0131. <\/p>\n<p> Gen\u00e7 futbolcunun PSG ile oyuncu cephesindeki muahedesinin ise ge\u00e7ti\u011fimiz hafta tamamland\u0131\u011f\u0131 belirtildi.<\/p>\n<p> <strong>DRO KARARINI EVVELDEN B\u0130LD\u0130RM\u0130\u015eT\u0130<\/strong><\/p>\n<p> Dro Fernandez, daha evvel Barcelona idaresine yapt\u0131\u011f\u0131 bildirimde, kul\u00fcpte k\u00e2fi m\u00fchlet bulamayaca\u011f\u0131n\u0131, potansiyeline ula\u015famayaca\u011f\u0131n\u0131 ve geli\u015fimini s\u00fcrd\u00fcremeyece\u011fini tabir ederek ayr\u0131lma karar\u0131 ald\u0131\u011f\u0131n\u0131 iletmi\u015fti. 18 ya\u015f\u0131ndaki oyuncu, kontrat\u0131nda yer alan 6 milyon Euro&#8217;luk fesih unsurunu kullanmak istedi\u011fini kul\u00fcbe resmen bildirmi\u015fti.<\/p>\n<p> Bu geli\u015fmenin akabinde Chelsea, Manchester City ve PSG gen\u00e7 futbolcu i\u00e7in devreye girerken, transfer yar\u0131\u015f\u0131n\u0131 Luis Enrique fakt\u00f6r\u00fcn\u00fc de ard\u0131na alan Paris Saint-Germain kazand\u0131.<\/p>\n<p> <strong>BARCELONA&#8217;DA B\u00dcY\u00dcK TEPK\u0130<\/strong><\/p>\n<p> Dro Fernandez&#8217;in ayr\u0131l\u0131k karar\u0131n\u0131n bas\u0131na yans\u0131mas\u0131 sonras\u0131 Katalan spor bas\u0131n\u0131, Barcelona idaresini sert s\u00f6zlerle ele\u015ftirmi\u015fti. Kul\u00fcp idaresi, ileride 100 milyon Euro&#8217;yu a\u015fabilecek potansiyele sahip bir oyuncunun d\u00fc\u015f\u00fck bir bedelle kaybedilmesi nedeniyle a\u011f\u0131r bask\u0131 alt\u0131na girmi\u015fti.<\/p>\n<p> <strong>FLICK: &#8220;HAK ETT\u0130\u011e\u0130NDE OYNAR&#8221;<\/strong><\/p>\n<p> Barcelona Teknik Y\u00f6neticisi Hansi Flick, ya\u015fanan s\u00fcre\u00e7te AS gazetesine yapt\u0131\u011f\u0131 a\u00e7\u0131klamada gen\u00e7 oyunculara yakla\u015f\u0131m\u0131n\u0131 \u015fu s\u00f6zlerle \u00f6zetlemi\u015fti:<\/p>\n<p> &#8220;D\u00fcnyan\u0131n en g\u00fczel gruplar\u0131ndan birinde oynuyorlar ve m\u00fchlet almak kolay de\u011fil. Bir oyuncu i\u015fini yeterli yapt\u0131\u011f\u0131nda ve oynamay\u0131 hak etti\u011finde oynar.&#8221;<\/p>\n<p> <strong>&#8220;YEN\u0130 INIESTA&#8221; ARTIK PSG&#8217;DE<\/strong><\/p>\n<p> Barcelona altyap\u0131s\u0131ndan yeti\u015fen ve kul\u00fcp i\u00e7inde &#8220;Lamine Yamal&#8217;\u0131n orta saha versiyonu&#8221;, &#8220;Yeni Iniesta&#8221; benzetmeleriyle an\u0131lan Dro Fernandez, bu transferle birlikte mesle\u011fine Paris Saint-Germain formas\u0131yla devam edecek.<\/p>\n<\/div>\n","protected":false},"excerpt":{"rendered":"<p>PSG, Barcelona ile yapt\u0131\u011f\u0131 g\u00f6r\u00fc\u015fmelerin akabinde 18 ya\u015f\u0131ndaki Dro Fernandez&#8217;in transferini, 6 milyon Euro&#8217;luk fesih hususunun biraz \u00fczerinde bir bedelle tamamlad\u0131.<\/p>\n","protected":false},"author":1,"featured_media":52985,"comment_status":"open","ping_status":"open","sticky":false,"template":"","format":"standard","meta":{"footnotes":""},"categories":[25],"tags":[307,49],"class_list":["post-52984","post","type-post","status-publish","format-standard","has-post-thumbnail","hentry","category-futbol","tag-barcelona","tag-oyuncu"],"_links":{"self":[{"href":"https:\/\/haberbesiktas.tr\/index.php?rest_route=\/wp\/v2\/posts\/52984","targetHints":{"allow":["GET"]}}],"collection":[{"href":"https:\/\/haberbesiktas.tr\/index.php?rest_route=\/wp\/v2\/posts"}],"about":[{"href":"https:\/\/haberbesiktas.tr\/index.php?rest_route=\/wp\/v2\/types\/post"}],"author":[{"embeddable":true,"href":"https:\/\/haberbesiktas.tr\/index.php?rest_route=\/wp\/v2\/users\/1"}],"replies":[{"embeddable":true,"href":"https:\/\/haberbesiktas.tr\/index.php?rest_route=%2Fwp%2Fv2%2Fcomments&post=52984"}],"version-history":[{"count":1,"href":"https:\/\/haberbesiktas.tr\/index.php?rest_route=\/wp\/v2\/posts\/52984\/revisions"}],"predecessor-version":[{"id":52986,"href":"https:\/\/haberbesiktas.tr\/index.php?rest_route=\/wp\/v2\/posts\/52984\/revisions\/52986"}],"wp:featuredmedia":[{"embeddable":true,"href":"https:\/\/haberbesiktas.tr\/index.php?rest_route=\/wp\/v2\/media\/52985"}],"wp:attachment":[{"href":"https:\/\/haberbesiktas.tr\/index.php?rest_route=%2Fwp%2Fv2%2Fmedia&parent=52984"}],"wp:term":[{"taxonomy":"category","embeddable":true,"href":"https:\/\/haberbesiktas.tr\/index.php?rest_route=%2Fwp%2Fv2%2Fcategories&post=52984"},{"taxonomy":"post_tag","embeddable":true,"href":"https:\/\/haberbesiktas.tr\/index.php?rest_route=%2Fwp%2Fv2%2Ftags&post=52984"}],"curies":[{"name":"wp","href":"https:\/\/api.w.org\/{rel}","templated":true}]}}