{"id":52987,"date":"2026-01-25T15:48:04","date_gmt":"2026-01-25T15:48:04","guid":{"rendered":"https:\/\/haberbesiktas.tr\/?p=52987"},"modified":"2026-01-25T15:48:04","modified_gmt":"2026-01-25T15:48:04","slug":"bernardo-silva-barcelonayi-istiyor","status":"publish","type":"post","link":"https:\/\/haberbesiktas.tr\/?p=52987","title":{"rendered":"Bernardo Silva, Barcelona&#8217;y\u0131 istiyor"},"content":{"rendered":"<div>Manchester City ile mukavelesi d\u00f6nem sonunda bitecek Bernardo Silva, Barcelona&#8217;y\u0131 istiyor.<\/p>\n<p><strong>TERC\u0130H\u0130 BARCELONA<\/strong><\/p>\n<p> AS&#8217;ta yer alan habere nazaran, \u0130ngiltere&#8217;deki vaktinin bitti\u011fini d\u00fc\u015f\u00fcnen ve mesle\u011fine \u00fcst seviye bir ekipte devam etmek isteyen Bernardo Silva, Suudi Arabistan&#8217;dan k\u0131ymetli tekliflere kar\u015f\u0131n Barcelona&#8217;ya gitmek istiyor.<\/p>\n<p> Portekizli futbolcunun, menajeri Jorge Mendes ile Barcelona&#8217;ya transfer olma niyetini Katalan tak\u0131m\u0131na de iletti\u011fi \u00f6ne s\u00fcr\u00fcld\u00fc.<\/p>\n<p><strong>BARCELONA KARARSIZ<\/strong> <\/p>\n<p> Barcelona ise 31 ya\u015f\u0131ndaki futbolcunun transferi konusunda \u015fu anda karars\u0131zl\u0131k ya\u015f\u0131yor.<\/p>\n<p><strong>ORTA ALANDA AYRILIK OLURSA&#8230;<\/strong><\/p>\n<p> Altyap\u0131dan gelen isimlere y\u00f6nelen ve mevcut kadroyu korumak isteyen Barcelona, mevcut finansal g\u00fcc\u00fcn\u00fc ise savunma ve ata\u011fa yap\u0131lacak desteklerde kullanmak istiyor. Katalan tak\u0131m\u0131nda orta alanda k\u0131ymetli bir ayr\u0131l\u0131\u011f\u0131n olmas\u0131 durumunda Bernardo Silva i\u00e7in transfer ihtimalinin artabilece\u011fi \u00f6ne s\u00fcr\u00fcld\u00fc.<\/p>\n<p> Bernardo Silva&#8217;n\u0131n Barcelona&#8217;ya transferinde Katalan tak\u0131m\u0131n\u0131n karar\u0131 belirleyici olacak.<\/p>\n<p><strong>\u0130LG\u0130LENEN \u00d6TEK\u0130 TAKIMLAR<\/strong><\/p>\n<p> \u00d6te yandan Bernardo Silva ile Suudi Arabistan d\u0131\u015f\u0131nda Avrupa&#8217;dan ilgilenen kadrolar\u0131n Benfica ve Juventus oldu\u011fu belirtildi.<\/p>\n<p><strong>SEZON PERFORMANSI<\/strong><\/p>\n<p> Manchester City formas\u0131 alt\u0131nda bu d\u00f6nem 31 ma\u00e7ta m\u00fchlet bulan 31 ya\u015f\u0131ndaki Bernardo Silva, 1 gol att\u0131 ve 4 asist yapt\u0131.<\/p>\n<\/div>\n","protected":false},"excerpt":{"rendered":"<p>Manchester City ile kontrat\u0131 d\u00f6nem sonunda bitecek Bernardo Silva, Barcelona&#8217;ya transfer olmak istiyor. Barcelona ise Portekizli futbolcunun transferinden \u015fu anda emin de\u011fil.<\/p>\n","protected":false},"author":1,"featured_media":52988,"comment_status":"open","ping_status":"open","sticky":false,"template":"","format":"standard","meta":{"footnotes":""},"categories":[25],"tags":[307,3919],"class_list":["post-52987","post","type-post","status-publish","format-standard","has-post-thumbnail","hentry","category-futbol","tag-barcelona","tag-bernardo-silva"],"_links":{"self":[{"href":"https:\/\/haberbesiktas.tr\/index.php?rest_route=\/wp\/v2\/posts\/52987","targetHints":{"allow":["GET"]}}],"collection":[{"href":"https:\/\/haberbesiktas.tr\/index.php?rest_route=\/wp\/v2\/posts"}],"about":[{"href":"https:\/\/haberbesiktas.tr\/index.php?rest_route=\/wp\/v2\/types\/post"}],"author":[{"embeddable":true,"href":"https:\/\/haberbesiktas.tr\/index.php?rest_route=\/wp\/v2\/users\/1"}],"replies":[{"embeddable":true,"href":"https:\/\/haberbesiktas.tr\/index.php?rest_route=%2Fwp%2Fv2%2Fcomments&post=52987"}],"version-history":[{"count":1,"href":"https:\/\/haberbesiktas.tr\/index.php?rest_route=\/wp\/v2\/posts\/52987\/revisions"}],"predecessor-version":[{"id":52989,"href":"https:\/\/haberbesiktas.tr\/index.php?rest_route=\/wp\/v2\/posts\/52987\/revisions\/52989"}],"wp:featuredmedia":[{"embeddable":true,"href":"https:\/\/haberbesiktas.tr\/index.php?rest_route=\/wp\/v2\/media\/52988"}],"wp:attachment":[{"href":"https:\/\/haberbesiktas.tr\/index.php?rest_route=%2Fwp%2Fv2%2Fmedia&parent=52987"}],"wp:term":[{"taxonomy":"category","embeddable":true,"href":"https:\/\/haberbesiktas.tr\/index.php?rest_route=%2Fwp%2Fv2%2Fcategories&post=52987"},{"taxonomy":"post_tag","embeddable":true,"href":"https:\/\/haberbesiktas.tr\/index.php?rest_route=%2Fwp%2Fv2%2Ftags&post=52987"}],"curies":[{"name":"wp","href":"https:\/\/api.w.org\/{rel}","templated":true}]}}