{"id":53425,"date":"2026-01-26T22:48:05","date_gmt":"2026-01-26T22:48:05","guid":{"rendered":"https:\/\/haberbesiktas.tr\/?p=53425"},"modified":"2026-01-26T22:48:05","modified_gmt":"2026-01-26T22:48:05","slug":"dinamo-zagreb-livakovici-bekliyor","status":"publish","type":"post","link":"https:\/\/haberbesiktas.tr\/?p=53425","title":{"rendered":"Dinamo Zagreb, Livakovic&#8217;i bekliyor!"},"content":{"rendered":"<div>Fenerbah\u00e7e&#8217;den yaz transfer periyodunda Girona&#8217;ya kiralanan Dominik Livakovic, \u0130spanyol grubunda krize neden oldu.<\/p>\n<p><strong>OYNAMAK \u0130STEMED\u0130<\/strong><\/p>\n<p> H\u0131rvat file bek\u00e7isi, \u015fu ana kadar \u0130spanyol grubunda forma giymedi. Girona&#8217;ya aylar \u00f6ncesinden ayr\u0131lmak istedi\u011fini bildiren Livakovic, \u0130spanyol grubunda birinci kaleci Paulo Gazzaniga&#8217;n\u0131n sakat oldu\u011fu devirde de kaleye ge\u00e7mek istemedi. [Fenerbah\u00e7e&#8217;de bu d\u00f6nem resmi ma\u00e7a \u00e7\u0131kt\u0131\u011f\u0131 i\u00e7in. FIFA, bir futbolcunun bir d\u00f6nemde 3 farkl\u0131 kadroda resmi ma\u00e7 oynamas\u0131na m\u00fcsaade vermiyor.]\n<p><strong>&#8220;EN BERBAT PROFESYONELLERDEN&#8221;<\/strong><\/p>\n<p> <strong>Livakovic&#8217;in bu davran\u0131\u015f\u0131 Girona&#8217;da kul\u00fcp<\/strong> i\u00e7erisinde yans\u0131lara neden oldu. \u0130spanyol tak\u0131m\u0131, Livakovic&#8217;in bu davran\u0131\u015f\u0131n\u0131, <strong>&#8220;Son y\u0131llarda kadroda oynayan en makus profesyonellerden biri.&#8221;<\/strong> olarak nitelendirdi.<\/p>\n<p><strong>STEGEN \u0130LE VEDA<\/strong> <\/p>\n<p> H\u0131rvat eldivenin ayr\u0131lmak istemesi nedeniyle Girona, orta transfer periyodunda Barcelona&#8217;dan Alman kaleci Marc-Andre ter Stegen&#8217;i tak\u0131m\u0131na katt\u0131. Girona da art\u0131k Livakovic ile yollar\u0131n\u0131 ay\u0131rmak istiyor.<\/p>\n<p><strong>TEK TALEB\u0130 ESK\u0130 TAKIMI<\/strong><\/p>\n<p> Livakovic ise farkl\u0131 ekiplerden teklifler almas\u0131na ra\u011fmen eski kul\u00fcb\u00fc Dinamo Zagreb&#8217;e d\u00f6nmek istiyor. 31 ya\u015f\u0131ndaki kaleci, yakla\u015fan D\u00fcnya Kupas\u0131 \u00f6ncesi H\u0131rvatistan Ulusal Grubu&#8217;ndaki yerini kaybetmek istemiyor ve eski grubu Dinamo Zagreb&#8217;te forma bulaca\u011f\u0131na inan\u0131yor.<\/p>\n<p> <strong>&#8220;F.BAH\u00c7E&#8217;Y\u0130 SIKINTI DURUMDA BIRAKTI&#8221;<\/strong><\/p>\n<p> 31 ya\u015f\u0131ndaki kaleci, \u0130talya&#8217;dan da farkl\u0131 teklifler almas\u0131na kar\u015f\u0131n bu teklifleri geri \u00e7evirdi. Livakovic, yaln\u0131zca Dinamo Zagreb&#8217;e gitmek istedi\u011fini hem Girona&#8217;ya hem de Fenerbah\u00e7e&#8217;ye iletti.<\/p>\n<p> H\u0131rvatistan&#8217;dan 24sata&#8217;da yer alan habere nazaran, Livakovic&#8217;in farkl\u0131 teklifleri reddetmesinin Fenerbah\u00e7e&#8217;yi g\u00fc\u00e7 durumda b\u0131rakt\u0131\u011f\u0131 yaz\u0131ld\u0131.<\/p>\n<p> <strong>ZAGREB&#8217;\u0130N TRANSFER PLANI<\/strong><\/p>\n<p> Dinamo Zagreb, Livakovic&#8217;in bu talebini transferde avantaj olarak kullanmak istiyor.<\/p>\n<p> H\u0131rvatistan&#8217;da transfer devri 17 \u015eubat&#8217;a kadar devam ediyor. Dinamo Zagreb&#8217;in, bu s\u00fcreyi de kullan\u0131p 31 ya\u015f\u0131ndaki futbolcunun geri d\u00f6n\u00fc\u015f\u00fc i\u00e7in kul\u00fcp ismine en \u00e2l\u00e2 muahedeyi sa\u011flamak istedi\u011fi belirtildi.<\/p>\n<\/div>\n","protected":false},"excerpt":{"rendered":"<p>Dinamo Zagreb, gruba geri d\u00f6nmek isteyen eski futbolcusu Dominik Livakovic&#8217;i bekliyor.<\/p>\n","protected":false},"author":1,"featured_media":53426,"comment_status":"open","ping_status":"open","sticky":false,"template":"","format":"standard","meta":{"footnotes":""},"categories":[25],"tags":[3548,2785,2751,2749,241],"class_list":["post-53425","post","type-post","status-publish","format-standard","has-post-thumbnail","hentry","category-futbol","tag-dinamo","tag-girona","tag-hirvat","tag-livakovic","tag-tek"],"_links":{"self":[{"href":"https:\/\/haberbesiktas.tr\/index.php?rest_route=\/wp\/v2\/posts\/53425","targetHints":{"allow":["GET"]}}],"collection":[{"href":"https:\/\/haberbesiktas.tr\/index.php?rest_route=\/wp\/v2\/posts"}],"about":[{"href":"https:\/\/haberbesiktas.tr\/index.php?rest_route=\/wp\/v2\/types\/post"}],"author":[{"embeddable":true,"href":"https:\/\/haberbesiktas.tr\/index.php?rest_route=\/wp\/v2\/users\/1"}],"replies":[{"embeddable":true,"href":"https:\/\/haberbesiktas.tr\/index.php?rest_route=%2Fwp%2Fv2%2Fcomments&post=53425"}],"version-history":[{"count":1,"href":"https:\/\/haberbesiktas.tr\/index.php?rest_route=\/wp\/v2\/posts\/53425\/revisions"}],"predecessor-version":[{"id":53427,"href":"https:\/\/haberbesiktas.tr\/index.php?rest_route=\/wp\/v2\/posts\/53425\/revisions\/53427"}],"wp:featuredmedia":[{"embeddable":true,"href":"https:\/\/haberbesiktas.tr\/index.php?rest_route=\/wp\/v2\/media\/53426"}],"wp:attachment":[{"href":"https:\/\/haberbesiktas.tr\/index.php?rest_route=%2Fwp%2Fv2%2Fmedia&parent=53425"}],"wp:term":[{"taxonomy":"category","embeddable":true,"href":"https:\/\/haberbesiktas.tr\/index.php?rest_route=%2Fwp%2Fv2%2Fcategories&post=53425"},{"taxonomy":"post_tag","embeddable":true,"href":"https:\/\/haberbesiktas.tr\/index.php?rest_route=%2Fwp%2Fv2%2Ftags&post=53425"}],"curies":[{"name":"wp","href":"https:\/\/api.w.org\/{rel}","templated":true}]}}