{"id":53431,"date":"2026-01-26T23:12:06","date_gmt":"2026-01-26T23:12:06","guid":{"rendered":"https:\/\/haberbesiktas.tr\/?p=53431"},"modified":"2026-01-26T23:12:06","modified_gmt":"2026-01-26T23:12:06","slug":"konyasporda-gundem-abdullah-avci","status":"publish","type":"post","link":"https:\/\/haberbesiktas.tr\/?p=53431","title":{"rendered":"Konyaspor&#8217;da g\u00fcndem Abdullah Avc\u0131"},"content":{"rendered":"<div>S\u00fcper Lig tak\u0131mlar\u0131ndan Konyaspor, Recep U\u00e7ar&#8217;\u0131n akabinde vazifeye gelen teknik y\u00f6netici \u00c7a\u011fda\u015f Atan ile arad\u0131\u011f\u0131n\u0131 bulamad\u0131.<\/p>\n<p> \u00c7a\u011fda\u015f Atan y\u00f6netiminde ligde 8 ma\u00e7a \u00e7\u0131kan Konyaspor, bu ma\u00e7larda galibiyet alamad\u0131. Konyaspor, Atan ile al\u0131nan sonu\u00e7lar\u0131n akabinde yeni teknik y\u00f6netici aray\u0131\u015flar\u0131na ba\u015flad\u0131.<\/p>\n<p><strong>G\u00dcNDEM ABDULLAH AVCI<\/strong><\/p>\n<p> Kuzey Ekspres&#8217;te yer alan habere nazaran, Konyaspor, Trabzonspor&#8217;un eski teknik y\u00f6neticisi Abdullah Avc\u0131&#8217;y\u0131 g\u00fcndemine ald\u0131.<\/p>\n<p><strong>RESM\u0130 TEKL\u0130F HAZIRLI\u011eI<\/strong> <\/p>\n<p> \u00c7a\u011fda\u015f Atan ile yollar\u0131n\u0131 ay\u0131rmay\u0131 planlayan ye\u015fil beyazl\u0131 grubun Avc\u0131&#8217;n\u0131n yak\u0131n etraf\u0131 ile irtibat kurdu\u011fu ve resmi teklif yapmaya haz\u0131rland\u0131\u011f\u0131 \u00f6\u011frenildi.<\/p>\n<p> \u00d6te yandan Avc\u0131&#8217;n\u0131n ise Ba\u015fak\u015fehir modeli \u00fczere bir proje odakl\u0131 bir kadroda \u00e7al\u0131\u015fmak istedi\u011fi belirtildi.<\/p>\n<\/div>\n","protected":false},"excerpt":{"rendered":"<p>Konyaspor, \u00c7a\u011fda\u015f Atan ile al\u0131nan sonu\u00e7lar\u0131n akabinde yeni teknik y\u00f6netici aray\u0131\u015flar\u0131na ba\u015flad\u0131. Ye\u015fil-beyazl\u0131lar, Abdullah Avc\u0131&#8217;y\u0131 g\u00fcndemine ald\u0131.<\/p>\n","protected":false},"author":1,"featured_media":53432,"comment_status":"open","ping_status":"open","sticky":false,"template":"","format":"standard","meta":{"footnotes":""},"categories":[25],"tags":[],"class_list":["post-53431","post","type-post","status-publish","format-standard","has-post-thumbnail","hentry","category-futbol"],"_links":{"self":[{"href":"https:\/\/haberbesiktas.tr\/index.php?rest_route=\/wp\/v2\/posts\/53431","targetHints":{"allow":["GET"]}}],"collection":[{"href":"https:\/\/haberbesiktas.tr\/index.php?rest_route=\/wp\/v2\/posts"}],"about":[{"href":"https:\/\/haberbesiktas.tr\/index.php?rest_route=\/wp\/v2\/types\/post"}],"author":[{"embeddable":true,"href":"https:\/\/haberbesiktas.tr\/index.php?rest_route=\/wp\/v2\/users\/1"}],"replies":[{"embeddable":true,"href":"https:\/\/haberbesiktas.tr\/index.php?rest_route=%2Fwp%2Fv2%2Fcomments&post=53431"}],"version-history":[{"count":1,"href":"https:\/\/haberbesiktas.tr\/index.php?rest_route=\/wp\/v2\/posts\/53431\/revisions"}],"predecessor-version":[{"id":53433,"href":"https:\/\/haberbesiktas.tr\/index.php?rest_route=\/wp\/v2\/posts\/53431\/revisions\/53433"}],"wp:featuredmedia":[{"embeddable":true,"href":"https:\/\/haberbesiktas.tr\/index.php?rest_route=\/wp\/v2\/media\/53432"}],"wp:attachment":[{"href":"https:\/\/haberbesiktas.tr\/index.php?rest_route=%2Fwp%2Fv2%2Fmedia&parent=53431"}],"wp:term":[{"taxonomy":"category","embeddable":true,"href":"https:\/\/haberbesiktas.tr\/index.php?rest_route=%2Fwp%2Fv2%2Fcategories&post=53431"},{"taxonomy":"post_tag","embeddable":true,"href":"https:\/\/haberbesiktas.tr\/index.php?rest_route=%2Fwp%2Fv2%2Ftags&post=53431"}],"curies":[{"name":"wp","href":"https:\/\/api.w.org\/{rel}","templated":true}]}}