{"id":53434,"date":"2026-01-26T23:24:05","date_gmt":"2026-01-26T23:24:05","guid":{"rendered":"https:\/\/haberbesiktas.tr\/?p=53434"},"modified":"2026-01-26T23:24:05","modified_gmt":"2026-01-26T23:24:05","slug":"besiktasa-wolfe-transferinde-zorlu-rakip","status":"publish","type":"post","link":"https:\/\/haberbesiktas.tr\/?p=53434","title":{"rendered":"Be\u015fikta\u015f&#8217;a Wolfe transferinde zorlu rakip!"},"content":{"rendered":"<div>Lazio&#8217;dan sol bek Nuno Tavares ile ilgilenen Be\u015fikta\u015f, bu transferi rafa kald\u0131rd\u0131 ve listesindeki alternatif isimlere y\u00f6neldi.<\/p>\n<p><strong>BE\u015e\u0130KTA\u015e&#8217;A RAK\u0130P \u00c7IKTI<\/strong><\/p>\n<p> Be\u015fikta\u015f&#8217;\u0131n g\u00fcndemine ald\u0131\u011f\u0131 David M\u00f6ller Wolfe i\u00e7in siyah-beyazl\u0131lara de\u011ferli bir rakip \u00e7\u0131kt\u0131.<\/p>\n<p><strong>TRANSFER \u0130\u00c7\u0130N TEKL\u0130F YAPTILAR<\/strong><\/p>\n<p> Roma, Wolverhampton formas\u0131 giyen 23 ya\u015f\u0131ndaki sol bek Wolfe ile ilgileniyor. <\/p>\n<p> Fabrizio Romano&#8217;nun haberine nazaran, Roma, Norve\u00e7li futbolcuyu kal\u0131c\u0131 olarak tak\u0131m\u0131na katmak istiyor. \u0130talyan tak\u0131m\u0131n\u0131n, Wolfe transferi i\u00e7in Wolverhampton ile temaslara ba\u015flad\u0131\u011f\u0131 ve birinci teklifini sundu\u011fu belirtildi.<\/p>\n<p><strong>SEZON PERFORMANSI<\/strong><\/p>\n<p> Wolverhampton formas\u0131 alt\u0131nda bu d\u00f6nem 16 ma\u00e7ta m\u00fchlet bulan Wolfe, 2 gol att\u0131 ve 3 asist yapt\u0131.<\/p>\n<\/div>\n","protected":false},"excerpt":{"rendered":"<p>Roma, Norve\u00e7li sol bek David M\u00f6ller Wolfe i\u00e7in Wolverhampton&#8217;a teklif yapt\u0131. 23 ya\u015f\u0131ndaki futbolcu, Be\u015fikta\u015f&#8217;\u0131n da transfer g\u00fcndeminde yer al\u0131yor.<\/p>\n","protected":false},"author":1,"featured_media":53435,"comment_status":"open","ping_status":"open","sticky":false,"template":"","format":"standard","meta":{"footnotes":""},"categories":[25],"tags":[],"class_list":["post-53434","post","type-post","status-publish","format-standard","has-post-thumbnail","hentry","category-futbol"],"_links":{"self":[{"href":"https:\/\/haberbesiktas.tr\/index.php?rest_route=\/wp\/v2\/posts\/53434","targetHints":{"allow":["GET"]}}],"collection":[{"href":"https:\/\/haberbesiktas.tr\/index.php?rest_route=\/wp\/v2\/posts"}],"about":[{"href":"https:\/\/haberbesiktas.tr\/index.php?rest_route=\/wp\/v2\/types\/post"}],"author":[{"embeddable":true,"href":"https:\/\/haberbesiktas.tr\/index.php?rest_route=\/wp\/v2\/users\/1"}],"replies":[{"embeddable":true,"href":"https:\/\/haberbesiktas.tr\/index.php?rest_route=%2Fwp%2Fv2%2Fcomments&post=53434"}],"version-history":[{"count":1,"href":"https:\/\/haberbesiktas.tr\/index.php?rest_route=\/wp\/v2\/posts\/53434\/revisions"}],"predecessor-version":[{"id":53436,"href":"https:\/\/haberbesiktas.tr\/index.php?rest_route=\/wp\/v2\/posts\/53434\/revisions\/53436"}],"wp:featuredmedia":[{"embeddable":true,"href":"https:\/\/haberbesiktas.tr\/index.php?rest_route=\/wp\/v2\/media\/53435"}],"wp:attachment":[{"href":"https:\/\/haberbesiktas.tr\/index.php?rest_route=%2Fwp%2Fv2%2Fmedia&parent=53434"}],"wp:term":[{"taxonomy":"category","embeddable":true,"href":"https:\/\/haberbesiktas.tr\/index.php?rest_route=%2Fwp%2Fv2%2Fcategories&post=53434"},{"taxonomy":"post_tag","embeddable":true,"href":"https:\/\/haberbesiktas.tr\/index.php?rest_route=%2Fwp%2Fv2%2Ftags&post=53434"}],"curies":[{"name":"wp","href":"https:\/\/api.w.org\/{rel}","templated":true}]}}