{"id":53548,"date":"2026-01-27T07:24:06","date_gmt":"2026-01-27T07:24:06","guid":{"rendered":"https:\/\/haberbesiktas.tr\/?p=53548"},"modified":"2026-01-27T07:24:06","modified_gmt":"2026-01-27T07:24:06","slug":"besiktastan-orta-sahaya-yeni-hamle-bellegarde","status":"publish","type":"post","link":"https:\/\/haberbesiktas.tr\/?p=53548","title":{"rendered":"Be\u015fikta\u015f&#8217;tan orta sahaya yeni hamle: Bellegarde"},"content":{"rendered":"<div>\n<p>Be\u015fikta\u015f, transfer \u00e7al\u0131\u015fmalar\u0131nda rotay\u0131 \u0130ngiltere&#8217;ye \u00e7evirdi.<\/p>\n<p> <span><em><strong>Foot Mercato da yer alan haberlere g\u00f6re<\/strong><\/em><\/span> siyah-beyazl\u0131lar, Wolverhampton formas\u0131 giyen <strong>Jean-Ricner Bellegarde<\/strong> ile yak\u0131ndan ilgileniyor.<\/p>\n<p> 2023&#8217;ten bu yana Wolves&#8217;ta oynayan 27 ya\u015f\u0131ndaki Haitili orta saha, grubunun g\u00fc\u00e7l\u00fc bir d\u00f6nem ge\u00e7irmesine kar\u015f\u0131n ki\u015fisel performans\u0131yla dikkat \u00e7ekiyor. Alt\u0131 ay sonra \u00fclkesiyle tarihi bir D\u00fcnya Kupas\u0131 hedefleyen Bellegarde, bu s\u00fcre\u00e7te bir\u00e7ok kul\u00fcb\u00fcn radar\u0131na girmi\u015f durumda.\u00a0<\/p>\n<p> <strong>BE\u015e\u0130KTA\u015e B\u0130R\u0130NC\u0130 ADIMI ATIYOR<\/strong> <\/p>\n<p> Edinilen bilgilere nazaran Be\u015fikta\u015f, Strasbourg&#8217;dan Wolverhampton&#8217;a transfer olan Bellegarde i\u00e7in birinci resmi teklifini \u0130ngiliz kul\u00fcb\u00fcne sunmaya haz\u0131rlan\u0131yor. Teklifin say\u0131s\u0131 \u015fimdi netle\u015fmezken, siyah-beyazl\u0131lar\u0131n oyuncuyu k\u0131\u015f transfer devrinde tak\u0131m\u0131na katmak istedi\u011fi belirtiliyor.<\/p>\n<p> <strong>2028&#8217;E KADAR KONTRATI VAR<\/strong><\/p>\n<p> Wolves ile 2028 y\u0131l\u0131na kadar kontrat\u0131 bulunan Bellegarde&#8217;in, \u015fu s\u0131ralar art adale (hamstring) sakatl\u0131\u011f\u0131 ya\u015fad\u0131\u011f\u0131 aktar\u0131ld\u0131. Buna kar\u015f\u0131n Be\u015fikta\u015f&#8217;\u0131n ilgisinin s\u00fcrd\u00fc\u011f\u00fc ve transfer kaidelerinin ara\u015ft\u0131r\u0131ld\u0131\u011f\u0131 tabir ediliyor.<\/p>\n<p><strong>PERFORMANSI<\/strong><\/p>\n<p>Bu d\u00f6nem Wolverhampton formas\u0131yla 17 ma\u00e7a \u00e7\u0131kan Bellegarde, 1 gol kaydetti.<\/p>\n<\/div>\n","protected":false},"excerpt":{"rendered":"<p>Be\u015fikta\u015f, orta alana destek i\u00e7in Wolverhampton formas\u0131 giyen Jean-Ricner Bellegarde&#8217;yi g\u00fcndemine ald\u0131.<\/p>\n","protected":false},"author":1,"featured_media":53549,"comment_status":"open","ping_status":"open","sticky":false,"template":"","format":"standard","meta":{"footnotes":""},"categories":[25],"tags":[3931],"class_list":["post-53548","post","type-post","status-publish","format-standard","has-post-thumbnail","hentry","category-futbol","tag-bellegarde"],"_links":{"self":[{"href":"https:\/\/haberbesiktas.tr\/index.php?rest_route=\/wp\/v2\/posts\/53548","targetHints":{"allow":["GET"]}}],"collection":[{"href":"https:\/\/haberbesiktas.tr\/index.php?rest_route=\/wp\/v2\/posts"}],"about":[{"href":"https:\/\/haberbesiktas.tr\/index.php?rest_route=\/wp\/v2\/types\/post"}],"author":[{"embeddable":true,"href":"https:\/\/haberbesiktas.tr\/index.php?rest_route=\/wp\/v2\/users\/1"}],"replies":[{"embeddable":true,"href":"https:\/\/haberbesiktas.tr\/index.php?rest_route=%2Fwp%2Fv2%2Fcomments&post=53548"}],"version-history":[{"count":1,"href":"https:\/\/haberbesiktas.tr\/index.php?rest_route=\/wp\/v2\/posts\/53548\/revisions"}],"predecessor-version":[{"id":53550,"href":"https:\/\/haberbesiktas.tr\/index.php?rest_route=\/wp\/v2\/posts\/53548\/revisions\/53550"}],"wp:featuredmedia":[{"embeddable":true,"href":"https:\/\/haberbesiktas.tr\/index.php?rest_route=\/wp\/v2\/media\/53549"}],"wp:attachment":[{"href":"https:\/\/haberbesiktas.tr\/index.php?rest_route=%2Fwp%2Fv2%2Fmedia&parent=53548"}],"wp:term":[{"taxonomy":"category","embeddable":true,"href":"https:\/\/haberbesiktas.tr\/index.php?rest_route=%2Fwp%2Fv2%2Fcategories&post=53548"},{"taxonomy":"post_tag","embeddable":true,"href":"https:\/\/haberbesiktas.tr\/index.php?rest_route=%2Fwp%2Fv2%2Ftags&post=53548"}],"curies":[{"name":"wp","href":"https:\/\/api.w.org\/{rel}","templated":true}]}}