{"id":53551,"date":"2026-01-27T07:36:09","date_gmt":"2026-01-27T07:36:09","guid":{"rendered":"https:\/\/haberbesiktas.tr\/?p=53551"},"modified":"2026-01-27T07:36:09","modified_gmt":"2026-01-27T07:36:09","slug":"galatasarayin-play-offta-seri-basi-hesabi","status":"publish","type":"post","link":"https:\/\/haberbesiktas.tr\/?p=53551","title":{"rendered":"Galatasaray&#8217;\u0131n play-off&#8217;ta seri ba\u015f\u0131 hesab\u0131"},"content":{"rendered":"<div>Galatasaray, UEFA \u015eampiyonlar Ligi&#8217;nin 8. haftas\u0131nda \u00e7ar\u015famba g\u00fcn\u00fc deplasmanda \u0130ngiltere temsilcisi Manchester City ile kar\u015f\u0131la\u015facak.<\/p>\n<p> Manchester kentindeki Etihad Stad\u0131&#8217;nda yap\u0131lacak ma\u00e7, TS\u0130 23.00&#8217;te ba\u015flayacak. M\u00fcsabakay\u0131 \u0130spanyol hakem Alejandro Hernandez y\u00f6netecek. Hernandez&#8217;in yard\u0131mc\u0131l\u0131klar\u0131n\u0131 Jose Naranjo ve Diego Sanchez Rojo \u00fcstlenecek. \u00c7aban\u0131n d\u00f6rd\u00fcnc\u00fc hakemi ise Jose Luis Munuera olacak. M\u00fcsabakada VAR koltu\u011funda \u0130spanya&#8217;dan Carlos del Cerro Grande, AVAR&#8217;da da Almanya&#8217;dan Robert Schr\u00f6der misyon yapacak.<\/p>\n<p> Kar\u015f\u0131la\u015fma TRT 1&#8217;den ve Nat\u00fcrel platformundan yay\u0131mlanacak. <\/p>\n<p> UEFA \u015eampiyonlar Ligi&#8217;nde geride kalan 7 kar\u015f\u0131la\u015fmada 3 galibiyet, 1 beraberlik ve 3 ma\u011flubiyeti bulunan sar\u0131-k\u0131rm\u0131z\u0131l\u0131 ekip, 10 puan toplad\u0131. Galatasaray, averajla 18. s\u0131radaki Azerbaycan temsilcisi Karaba\u011f&#8217;\u0131 ge\u00e7erek 17. s\u0131rada yer ald\u0131.<\/p>\n<p> Manchester City ise 4 galibiyet, 1 beraberlik ve 2 hezimetle 13 puan elde etti. Maviler, averaja haftaya 11. s\u0131rada girdi.<\/p>\n<p> <strong>&#8211; Galatasaray, kendini birinci 16&#8217;ya atmaya \u00e7al\u0131\u015facak<\/strong><\/p>\n<p> Sar\u0131-k\u0131rm\u0131z\u0131l\u0131 tak\u0131m, Manchester City deplasman\u0131nda kazanarak 36 tak\u0131ml\u0131 lig etab\u0131n\u0131 birinci 16 i\u00e7inde bitirmeye \u00e7al\u0131\u015facak.<\/p>\n<p> B\u00fcy\u00fck bir s\u00fcrpriz olmamas\u0131 durumunda UEFA \u015eampiyonlar Ligi&#8217;nde birinci 24 i\u00e7inde yer alacak sar\u0131-k\u0131rm\u0131z\u0131l\u0131 tak\u0131m, play-off&#8217;ta seri ba\u015f\u0131 olmak i\u00e7in \u00e7aba edecek. Galatasaray, bu kar\u015f\u0131la\u015fmay\u0131 kazanmas\u0131 durumunda birinci 16&#8217;da yer alacak.<\/p>\n<p> Galatasaray, lig etab\u0131n\u0131 birinci 16&#8217;da tamamlamas\u0131 durumunda seri ba\u015f\u0131 olarak play-off&#8217;ta k\u0131ymetli bir avantaj yakalayacak.<\/p>\n<\/div>\n","protected":false},"excerpt":{"rendered":"<p>\u015eampiyonlar Ligi&#8217;nde Manchester City deplasman\u0131na konuk olacak Galatasaray, kendisini birinci 16&#8217;ya atmaya \u00e7al\u0131\u015facak. Galatasaray, lig etab\u0131n\u0131 birinci 16&#8217;da tamamlamas\u0131 durumunda seri ba\u015f\u0131 olarak play-off&#8217;ta k\u0131ymetli bir avantaj yakalayacak.<\/p>\n","protected":false},"author":1,"featured_media":53552,"comment_status":"open","ping_status":"open","sticky":false,"template":"","format":"standard","meta":{"footnotes":""},"categories":[25],"tags":[129,51],"class_list":["post-53551","post","type-post","status-publish","format-standard","has-post-thumbnail","hentry","category-futbol","tag-galatasaray","tag-lig"],"_links":{"self":[{"href":"https:\/\/haberbesiktas.tr\/index.php?rest_route=\/wp\/v2\/posts\/53551","targetHints":{"allow":["GET"]}}],"collection":[{"href":"https:\/\/haberbesiktas.tr\/index.php?rest_route=\/wp\/v2\/posts"}],"about":[{"href":"https:\/\/haberbesiktas.tr\/index.php?rest_route=\/wp\/v2\/types\/post"}],"author":[{"embeddable":true,"href":"https:\/\/haberbesiktas.tr\/index.php?rest_route=\/wp\/v2\/users\/1"}],"replies":[{"embeddable":true,"href":"https:\/\/haberbesiktas.tr\/index.php?rest_route=%2Fwp%2Fv2%2Fcomments&post=53551"}],"version-history":[{"count":1,"href":"https:\/\/haberbesiktas.tr\/index.php?rest_route=\/wp\/v2\/posts\/53551\/revisions"}],"predecessor-version":[{"id":53553,"href":"https:\/\/haberbesiktas.tr\/index.php?rest_route=\/wp\/v2\/posts\/53551\/revisions\/53553"}],"wp:featuredmedia":[{"embeddable":true,"href":"https:\/\/haberbesiktas.tr\/index.php?rest_route=\/wp\/v2\/media\/53552"}],"wp:attachment":[{"href":"https:\/\/haberbesiktas.tr\/index.php?rest_route=%2Fwp%2Fv2%2Fmedia&parent=53551"}],"wp:term":[{"taxonomy":"category","embeddable":true,"href":"https:\/\/haberbesiktas.tr\/index.php?rest_route=%2Fwp%2Fv2%2Fcategories&post=53551"},{"taxonomy":"post_tag","embeddable":true,"href":"https:\/\/haberbesiktas.tr\/index.php?rest_route=%2Fwp%2Fv2%2Ftags&post=53551"}],"curies":[{"name":"wp","href":"https:\/\/api.w.org\/{rel}","templated":true}]}}