{"id":53554,"date":"2026-01-27T07:48:05","date_gmt":"2026-01-27T07:48:05","guid":{"rendered":"https:\/\/haberbesiktas.tr\/?p=53554"},"modified":"2026-01-27T07:48:05","modified_gmt":"2026-01-27T07:48:05","slug":"ziraat-bankkart-cev-sampiyonlar-liginde-ach-volleyi-agirliyor","status":"publish","type":"post","link":"https:\/\/haberbesiktas.tr\/?p=53554","title":{"rendered":"Ziraat Bankkart, CEV \u015eampiyonlar Ligi&#8217;nde ACH Volley&#8217;i a\u011f\u0131rl\u0131yor"},"content":{"rendered":"<div>\n<div><span>Ziraat Bankkart Erkek Voleybol Grubu, CEV \u015eampiyonlar Ligi A Grubu&#8217;ndaki 4. ma\u00e7\u0131nda 28 Ocak \u00e7ar\u015famba g\u00fcn\u00fc sahas\u0131nda Sloven kul\u00fcb\u00fc ACH Volley ile \u00e7aba edecek.<\/span><\/div>\n<\/p><\/div>\n<div>\n<div> Ge\u00e7en d\u00f6nemin CEV Kupas\u0131 ve Efeler Ligi \u015fampiyonu Ziraat Bankkart, deplasmanda 3-0 yendi\u011fi son 4 y\u0131l\u0131n Slovenya ligi \u015fampiyonu ACH Volley&#8217;i konuk edecek.<\/p>\n<p> Ankara&#8217;daki TVF Ziraat Bankkart Voleybol Salonu&#8217;nda oynanacak m\u00fcsabaka, saat 20.00&#8217;de ba\u015flayacak.<\/p>\n<p> K\u00fcmede 3&#8217;te 3 yapan ba\u015f\u015fehir tak\u0131m\u0131 tepede, 1 galibiyet, 2 yenilgisi bulunan ACH Volley ise 3. s\u0131rada yer al\u0131yor.<\/p>\n<p> \u00a0<\/p><\/div>\n<\/p><\/div>\n","protected":false},"excerpt":{"rendered":"<p>A k\u00fcmesinde dorukta yer alan Ziraat Bankkart, Sloven grup ACH Volley kar\u015f\u0131s\u0131nda kusur yapmak istemiyor<\/p>\n","protected":false},"author":1,"featured_media":53555,"comment_status":"open","ping_status":"open","sticky":false,"template":"","format":"standard","meta":{"footnotes":""},"categories":[39],"tags":[],"class_list":["post-53554","post","type-post","status-publish","format-standard","has-post-thumbnail","hentry","category-voleybol"],"_links":{"self":[{"href":"https:\/\/haberbesiktas.tr\/index.php?rest_route=\/wp\/v2\/posts\/53554","targetHints":{"allow":["GET"]}}],"collection":[{"href":"https:\/\/haberbesiktas.tr\/index.php?rest_route=\/wp\/v2\/posts"}],"about":[{"href":"https:\/\/haberbesiktas.tr\/index.php?rest_route=\/wp\/v2\/types\/post"}],"author":[{"embeddable":true,"href":"https:\/\/haberbesiktas.tr\/index.php?rest_route=\/wp\/v2\/users\/1"}],"replies":[{"embeddable":true,"href":"https:\/\/haberbesiktas.tr\/index.php?rest_route=%2Fwp%2Fv2%2Fcomments&post=53554"}],"version-history":[{"count":1,"href":"https:\/\/haberbesiktas.tr\/index.php?rest_route=\/wp\/v2\/posts\/53554\/revisions"}],"predecessor-version":[{"id":53556,"href":"https:\/\/haberbesiktas.tr\/index.php?rest_route=\/wp\/v2\/posts\/53554\/revisions\/53556"}],"wp:featuredmedia":[{"embeddable":true,"href":"https:\/\/haberbesiktas.tr\/index.php?rest_route=\/wp\/v2\/media\/53555"}],"wp:attachment":[{"href":"https:\/\/haberbesiktas.tr\/index.php?rest_route=%2Fwp%2Fv2%2Fmedia&parent=53554"}],"wp:term":[{"taxonomy":"category","embeddable":true,"href":"https:\/\/haberbesiktas.tr\/index.php?rest_route=%2Fwp%2Fv2%2Fcategories&post=53554"},{"taxonomy":"post_tag","embeddable":true,"href":"https:\/\/haberbesiktas.tr\/index.php?rest_route=%2Fwp%2Fv2%2Ftags&post=53554"}],"curies":[{"name":"wp","href":"https:\/\/api.w.org\/{rel}","templated":true}]}}