{"id":53557,"date":"2026-01-27T08:00:05","date_gmt":"2026-01-27T08:00:05","guid":{"rendered":"https:\/\/haberbesiktas.tr\/?p=53557"},"modified":"2026-01-27T08:00:05","modified_gmt":"2026-01-27T08:00:05","slug":"galatasarayda-beklenen-geri-donus-wilfried-singo","status":"publish","type":"post","link":"https:\/\/haberbesiktas.tr\/?p=53557","title":{"rendered":"Galatasaray&#8217;da beklenen geri d\u00f6n\u00fc\u015f: Wilfried Singo!"},"content":{"rendered":"<div>Galatasaray, UEFA \u015eampiyonlar Ligi&#8217;nin son haftas\u0131nda \u00e7ar\u015famba g\u00fcn\u00fc Manchester City ile deplasmanda kar\u015f\u0131la\u015facak.<\/p>\n<p> Sar\u0131-k\u0131rm\u0131z\u0131l\u0131lar, uzun bir ortadan sonra bir ma\u00e7a tam tak\u0131m \u00e7\u0131kacak.<\/p>\n<p><strong>SINGO GER\u0130 D\u00d6N\u00dcYOR<\/strong><\/p>\n<p> Galatasaray&#8217;da son olarak 22 Kas\u0131m 2025&#8217;te Gen\u00e7lerbirli\u011fi ile yap\u0131lan Trendyol S\u00fcper Lig ma\u00e7\u0131nda forma giyen Wilfried Singo&#8217;nun bu ma\u00e7la tak\u0131ma d\u00f6nmesi bekleniyor.\u00a0 <\/p>\n<p> \u0130ki aydan fazla m\u00fcddettir alanlardan uzak kalan Fildi\u015fi K\u0131y\u0131l\u0131 savunma oyuncusu, bu s\u00fcre\u00e7te 17 resmi ma\u00e7\u0131 ka\u00e7\u0131rd\u0131. Galatasaray&#8217;da sakatl\u0131\u011f\u0131 nedeniyle son 3 resmi ma\u00e7\u0131 ka\u00e7\u0131ran Arda \u00dcnyay&#8217;\u0131n da tak\u0131ma al\u0131nmas\u0131 bekleniyor.<\/p>\n<p><strong>KART SONUNDAK\u0130 OYUNCULAR<\/strong><\/p>\n<p> Sar\u0131-k\u0131rm\u0131z\u0131l\u0131larda Ismail Jakobs, Davinson Sanchez ve Mario Lemina, sar\u0131 kart ceza hududunda bulunuyor. Bu futbolcular bu ma\u00e7ta sar\u0131 kartla cezaland\u0131r\u0131lmas\u0131 durumunda sonraki kar\u015f\u0131la\u015fmada forma giyemeyecek.<\/p>\n<p><strong>YEN\u0130 TRANSFERLER YOK<\/strong><\/p>\n<p> Galatasaray&#8217;\u0131n orta transferde tak\u0131m\u0131na katt\u0131\u011f\u0131 Noa Lang ile Yaser Asprilla, stat\u00fc gere\u011fi Manchester City ma\u00e7\u0131nda oynayamayacak.<\/p>\n<p> \u00a0<\/p>\n<\/div>\n","protected":false},"excerpt":{"rendered":"<p>Galatasaray&#8217;da iki ayd\u0131r alanlardan uzak kalan Wilfried Singo, Manchester City ma\u00e7\u0131yla geri d\u00f6n\u00fcyor. Singo&#8217;nun, Manchester City ma\u00e7\u0131 tak\u0131m\u0131nda yer almas\u0131 bekleniyor.<\/p>\n","protected":false},"author":1,"featured_media":53558,"comment_status":"open","ping_status":"open","sticky":false,"template":"","format":"standard","meta":{"footnotes":""},"categories":[25],"tags":[],"class_list":["post-53557","post","type-post","status-publish","format-standard","has-post-thumbnail","hentry","category-futbol"],"_links":{"self":[{"href":"https:\/\/haberbesiktas.tr\/index.php?rest_route=\/wp\/v2\/posts\/53557","targetHints":{"allow":["GET"]}}],"collection":[{"href":"https:\/\/haberbesiktas.tr\/index.php?rest_route=\/wp\/v2\/posts"}],"about":[{"href":"https:\/\/haberbesiktas.tr\/index.php?rest_route=\/wp\/v2\/types\/post"}],"author":[{"embeddable":true,"href":"https:\/\/haberbesiktas.tr\/index.php?rest_route=\/wp\/v2\/users\/1"}],"replies":[{"embeddable":true,"href":"https:\/\/haberbesiktas.tr\/index.php?rest_route=%2Fwp%2Fv2%2Fcomments&post=53557"}],"version-history":[{"count":1,"href":"https:\/\/haberbesiktas.tr\/index.php?rest_route=\/wp\/v2\/posts\/53557\/revisions"}],"predecessor-version":[{"id":53559,"href":"https:\/\/haberbesiktas.tr\/index.php?rest_route=\/wp\/v2\/posts\/53557\/revisions\/53559"}],"wp:featuredmedia":[{"embeddable":true,"href":"https:\/\/haberbesiktas.tr\/index.php?rest_route=\/wp\/v2\/media\/53558"}],"wp:attachment":[{"href":"https:\/\/haberbesiktas.tr\/index.php?rest_route=%2Fwp%2Fv2%2Fmedia&parent=53557"}],"wp:term":[{"taxonomy":"category","embeddable":true,"href":"https:\/\/haberbesiktas.tr\/index.php?rest_route=%2Fwp%2Fv2%2Fcategories&post=53557"},{"taxonomy":"post_tag","embeddable":true,"href":"https:\/\/haberbesiktas.tr\/index.php?rest_route=%2Fwp%2Fv2%2Ftags&post=53557"}],"curies":[{"name":"wp","href":"https:\/\/api.w.org\/{rel}","templated":true}]}}