{"id":53563,"date":"2026-01-27T08:24:05","date_gmt":"2026-01-27T08:24:05","guid":{"rendered":"https:\/\/haberbesiktas.tr\/?p=53563"},"modified":"2026-01-27T08:24:05","modified_gmt":"2026-01-27T08:24:05","slug":"milli-guresciler-sezonu-rusyada-acacak","status":"publish","type":"post","link":"https:\/\/haberbesiktas.tr\/?p=53563","title":{"rendered":"Milli g\u00fcre\u015f\u00e7iler, sezonu Rusya&#8217;da a\u00e7acak"},"content":{"rendered":"<div>\n<div>Milli g\u00fcre\u015f\u00e7iler, Rusya&#8217;da yap\u0131lacak Milletleraras\u0131 Ivan Yarygin Turnuvas\u0131&#8217;nda \u00e7aba edecek.<\/div>\n<\/p><\/div>\n<div>\n<div> T\u00fcrkiye G\u00fcre\u015f Federasyonunun a\u00e7\u0131klamas\u0131na nazaran \u00d6zg\u00fcr Ulusal Kadrosu, olimpiyat \u015fampiyonu Rus g\u00fcre\u015f\u00e7i an\u0131s\u0131na 28 Ocak-2 \u015eubat tarihlerinde Krasnoyarsk&#8217;ta d\u00fczenlenecek turnuvaya kat\u0131lacak.<\/p>\n<p> Teknik y\u00f6neticili\u011fini Soner Demirta\u015f&#8217;\u0131n \u00fcstlendi\u011fi ulusal ekipte yer alan sportmenler \u015funlar:<\/p>\n<p> <strong>57 kilo: Yusuf Demir, Muhammet Karavu\u015f<\/strong><\/p>\n<p> <strong>61 kilo: Recep Topal, Emrah Ormano\u011flu<\/strong><\/p>\n<p> <strong>65 kilo: Ahmet Duman<\/strong><\/p>\n<p> <strong>74 kilo: \u00d6mer Faruk \u00c7ay\u0131r<\/strong><\/p>\n<p> <strong>79 kilo: Okan Tahtac\u0131<\/strong><\/p>\n<p> <strong>86 kilo: \u0130smail K\u00fc\u00e7\u00fcksolak<\/strong><\/p>\n<p> <strong>92 kilo: Fatih Erdin, Osman G\u00f6\u00e7en<\/strong><\/p>\n<p> <strong>97 kilo: Mustafa Sessiz<\/strong><\/p>\n<p> <strong>125 kilo: Feyzullah Akt\u00fcrk<\/strong><\/p><\/div>\n<\/p><\/div>\n","protected":false},"excerpt":{"rendered":"<p>T\u00fcrk ulusal grubu g\u00fcre\u015f\u00e7ileri, d\u00f6neme Rusya&#8217;da d\u00fczenlenen \u00f6zel turnuva ile giri\u015f yapacak<\/p>\n","protected":false},"author":1,"featured_media":53564,"comment_status":"open","ping_status":"open","sticky":false,"template":"","format":"standard","meta":{"footnotes":""},"categories":[27],"tags":[],"class_list":["post-53563","post","type-post","status-publish","format-standard","has-post-thumbnail","hentry","category-guncel-haberler"],"_links":{"self":[{"href":"https:\/\/haberbesiktas.tr\/index.php?rest_route=\/wp\/v2\/posts\/53563","targetHints":{"allow":["GET"]}}],"collection":[{"href":"https:\/\/haberbesiktas.tr\/index.php?rest_route=\/wp\/v2\/posts"}],"about":[{"href":"https:\/\/haberbesiktas.tr\/index.php?rest_route=\/wp\/v2\/types\/post"}],"author":[{"embeddable":true,"href":"https:\/\/haberbesiktas.tr\/index.php?rest_route=\/wp\/v2\/users\/1"}],"replies":[{"embeddable":true,"href":"https:\/\/haberbesiktas.tr\/index.php?rest_route=%2Fwp%2Fv2%2Fcomments&post=53563"}],"version-history":[{"count":1,"href":"https:\/\/haberbesiktas.tr\/index.php?rest_route=\/wp\/v2\/posts\/53563\/revisions"}],"predecessor-version":[{"id":53565,"href":"https:\/\/haberbesiktas.tr\/index.php?rest_route=\/wp\/v2\/posts\/53563\/revisions\/53565"}],"wp:featuredmedia":[{"embeddable":true,"href":"https:\/\/haberbesiktas.tr\/index.php?rest_route=\/wp\/v2\/media\/53564"}],"wp:attachment":[{"href":"https:\/\/haberbesiktas.tr\/index.php?rest_route=%2Fwp%2Fv2%2Fmedia&parent=53563"}],"wp:term":[{"taxonomy":"category","embeddable":true,"href":"https:\/\/haberbesiktas.tr\/index.php?rest_route=%2Fwp%2Fv2%2Fcategories&post=53563"},{"taxonomy":"post_tag","embeddable":true,"href":"https:\/\/haberbesiktas.tr\/index.php?rest_route=%2Fwp%2Fv2%2Ftags&post=53563"}],"curies":[{"name":"wp","href":"https:\/\/api.w.org\/{rel}","templated":true}]}}