{"id":53572,"date":"2026-01-27T09:00:06","date_gmt":"2026-01-27T09:00:06","guid":{"rendered":"https:\/\/haberbesiktas.tr\/?p=53572"},"modified":"2026-01-27T09:00:06","modified_gmt":"2026-01-27T09:00:06","slug":"haalanddan-galatasaray-oncesi-carpici-istatistik","status":"publish","type":"post","link":"https:\/\/haberbesiktas.tr\/?p=53572","title":{"rendered":"Haaland&#8217;dan Galatasaray \u00f6ncesi \u00e7arp\u0131c\u0131 istatistik!"},"content":{"rendered":"<div>Manchester City, \u015eampiyonlar Ligi&#8217;nin son haftas\u0131nda \u00e7ar\u015famba g\u00fcn\u00fc alan\u0131nda temsilcimiz Galatasaray&#8217;\u0131 a\u011f\u0131rlayacak.<\/p>\n<p> \u0130ngiliz temsilcisi, &#8220;Devler Ligi&#8221;nde ola\u011fan d\u00f6nemi birinci 8&#8217;de bitirebilmek i\u00e7in Galatasaray ma\u00e7\u0131n\u0131 kazanmas\u0131 gerekiyor.<\/p>\n<p> UEFA \u015eampiyonlar Ligi&#8217;nde geride kalan 7 kar\u015f\u0131la\u015fmada 13 puan toplayan Pep Guardiola&#8217;n\u0131n \u00f6\u011frencileri, 11. s\u0131rada yer al\u0131yor. Manchester City, yar\u0131nki m\u00fcsabakay\u0131 kazansa bile averajla birinci 8 d\u0131\u015f\u0131nda kalma ihtimali bulunuyor. <\/p>\n<p> Lig etab\u0131n\u0131 birinci 8&#8217;de bitirecek gruplar, play-off&#8217;u ma\u00e7 yapmadan ge\u00e7erek direkt son 16 cinsine y\u00fckselecek.<\/p>\n<p> <strong>&#8211; Premier Lig ve \u015eampiyonlar Ligi&#8217;nde 6 ma\u00e7ta bir defa kazand\u0131<\/strong><\/p>\n<p> Manchester City, \u0130ngiltere Premier Lig ve UEFA \u015eampiyonlar Ligi&#8217;nde \u00e7\u0131kt\u0131\u011f\u0131 6 kar\u015f\u0131la\u015fmada yaln\u0131zca 1 kere galip geldi.<\/p>\n<p> Son vakitlerde formsuz bir manzara \u00e7izen &#8220;Maviler&#8221; Premier Lig&#8217;deki son 5 kar\u015f\u0131la\u015fmada 1 galibiyet, 3 beraberlik ve 1 hezimet ya\u015fad\u0131. \u0130ngiliz grubu, UEFA \u015eampiyonlar Ligi&#8217;ndeki tek ma\u00e7ta ise Norve\u00e7 temsilcisi Bodo\/Glimt&#8217;e ma\u011flup oldu.<\/p>\n<p> <strong>&#8211; Haaland, 2026&#8217;ya d\u00fczg\u00fcn ba\u015flayamad\u0131<\/strong><\/p>\n<p> Manchester City&#8217;nin Norve\u00e7li y\u0131ld\u0131z\u0131 Erling Haaland, son devirdeki formsuz manzaras\u0131 dikkati \u00e7ekiyor.<\/p>\n<p> Bu d\u00f6nem 32 resmi kar\u015f\u0131la\u015fmada forma giyen Haaland, toplamda 26 defa fileleri havaland\u0131rarak etkileyici bir performans sergiledi. 25 ya\u015f\u0131ndaki santrfor, g\u00fczel bir d\u00f6nem ge\u00e7irmesine kar\u015f\u0131n son devirde skor \u00fcretmekte eza ya\u015f\u0131yor.<\/p>\n<p> 2026 y\u0131l\u0131nda 8 resmi kar\u015f\u0131la\u015fmaya \u00e7\u0131kan Haaland, yaln\u0131zca 1 sefer gol sevinci ya\u015fayabildi. \u0130ngiltere Premier Lig&#8217;de 5 ma\u00e7ta 1 gol atabilen y\u0131ld\u0131z futbolcu, UEFA \u015eampiyonlar Ligi, \u0130ngiltere Kupas\u0131 ve \u0130ngiltere Lig Kupas\u0131&#8217;ndaki birer ma\u00e7ta skor katk\u0131s\u0131 veremedi.<\/p>\n<p> Manchester City&#8217;de bu d\u00f6nem \u00e7\u0131kt\u0131\u011f\u0131 31 resmi kar\u015f\u0131la\u015fmada 10 sefer skoru de\u011fi\u015ftirerek ekibin en golc\u00fc ikinci oyuncusu olan Phil Foden da son 1,5 ayl\u0131k s\u00fcre\u00e7teki 10 resmi kar\u015f\u0131la\u015fmada fileleri havaland\u0131ramad\u0131.<\/p>\n<\/div>\n","protected":false},"excerpt":{"rendered":"<p>Manchester City&#8217;nin golc\u00fc futbolcusu Erling Haaland, d\u00fczg\u00fcn bir d\u00f6nem ge\u00e7irmesine kar\u015f\u0131n son periyotta formsuz bir manzara ortaya koyuyor.<\/p>\n","protected":false},"author":1,"featured_media":53573,"comment_status":"open","ping_status":"open","sticky":false,"template":"","format":"standard","meta":{"footnotes":""},"categories":[25],"tags":[51,50,1298,2951],"class_list":["post-53572","post","type-post","status-publish","format-standard","has-post-thumbnail","hentry","category-futbol","tag-lig","tag-mac","tag-manchester","tag-sampiyonlar"],"_links":{"self":[{"href":"https:\/\/haberbesiktas.tr\/index.php?rest_route=\/wp\/v2\/posts\/53572","targetHints":{"allow":["GET"]}}],"collection":[{"href":"https:\/\/haberbesiktas.tr\/index.php?rest_route=\/wp\/v2\/posts"}],"about":[{"href":"https:\/\/haberbesiktas.tr\/index.php?rest_route=\/wp\/v2\/types\/post"}],"author":[{"embeddable":true,"href":"https:\/\/haberbesiktas.tr\/index.php?rest_route=\/wp\/v2\/users\/1"}],"replies":[{"embeddable":true,"href":"https:\/\/haberbesiktas.tr\/index.php?rest_route=%2Fwp%2Fv2%2Fcomments&post=53572"}],"version-history":[{"count":1,"href":"https:\/\/haberbesiktas.tr\/index.php?rest_route=\/wp\/v2\/posts\/53572\/revisions"}],"predecessor-version":[{"id":53574,"href":"https:\/\/haberbesiktas.tr\/index.php?rest_route=\/wp\/v2\/posts\/53572\/revisions\/53574"}],"wp:featuredmedia":[{"embeddable":true,"href":"https:\/\/haberbesiktas.tr\/index.php?rest_route=\/wp\/v2\/media\/53573"}],"wp:attachment":[{"href":"https:\/\/haberbesiktas.tr\/index.php?rest_route=%2Fwp%2Fv2%2Fmedia&parent=53572"}],"wp:term":[{"taxonomy":"category","embeddable":true,"href":"https:\/\/haberbesiktas.tr\/index.php?rest_route=%2Fwp%2Fv2%2Fcategories&post=53572"},{"taxonomy":"post_tag","embeddable":true,"href":"https:\/\/haberbesiktas.tr\/index.php?rest_route=%2Fwp%2Fv2%2Ftags&post=53572"}],"curies":[{"name":"wp","href":"https:\/\/api.w.org\/{rel}","templated":true}]}}