{"id":53581,"date":"2026-01-27T09:36:05","date_gmt":"2026-01-27T09:36:05","guid":{"rendered":"https:\/\/haberbesiktas.tr\/?p=53581"},"modified":"2026-01-27T09:36:05","modified_gmt":"2026-01-27T09:36:05","slug":"fenerbahceden-golcu-hamlesi-yuri-alberto","status":"publish","type":"post","link":"https:\/\/haberbesiktas.tr\/?p=53581","title":{"rendered":"Fenerbah\u00e7e&#8217;den golc\u00fc hamlesi: Yuri Alberto"},"content":{"rendered":"<div>\n<p>Corinthians formas\u0131 giyen <strong>Yuri Alberto<\/strong>&#8216;nun gelece\u011fi yine Avrupa kul\u00fcplerinin radar\u0131na girdi. Daha evvel Roma&#8217;n\u0131n ilgisiyle an\u0131lan Brezilyal\u0131 golc\u00fc i\u00e7in bu defa Fenerbah\u00e7e arg\u00fcman\u0131 g\u00fcndeme geldi.<\/p>\n<p> Corinthians&#8217;\u0131n bu sezonki en skorer isimlerinden biri olan Yuri Alberto&#8217;ya Avrupa&#8217;dan ilgi devam ediyor. CNN Brasil, k\u0131sa m\u00fcddet evvel Roma&#8217;n\u0131n oyuncuyla ilgilendi\u011fini lakin \u0130talyan tak\u0131m\u0131n\u0131n g\u00f6r\u00fc\u015fmelerde ilerleme kaydedemedi\u011fini ve transferin ask\u0131da kald\u0131\u011f\u0131n\u0131 duyurmu\u015ftu.<\/p>\n<p> <strong>FENERBAH\u00c7E DEVREDE<\/strong> <\/p>\n<p> Bu defa devreye giren kul\u00fcp Fenerbah\u00e7e oldu. <strong><span><em>TRT Spor&#8217;un haberine g\u00f6re<\/em><\/span> <\/strong>sar\u0131-lacivertliler, hamle \u00e7izgisini g\u00fc\u00e7lendirmek ismine Yuri Alberto&#8217;yu transfer listesine ald\u0131 ve bu do\u011frultuda teklif haz\u0131rl\u0131\u011f\u0131na ba\u015flad\u0131. \u0130darenin, Brezilyal\u0131 forveti \u00f6ncelikli adaylar ortas\u0131nda de\u011ferlendirdi\u011fi s\u00f6z edildi.<\/p>\n<p> \u015eu kademede taraflar ortas\u0131nda resmi bir pazarl\u0131k bulunmad\u0131\u011f\u0131, Fenerbah\u00e7e&#8217;nin s\u0131rf oyuncunun durumu hakk\u0131nda \u00f6n temaslar kurdu\u011fu aktar\u0131ld\u0131.<\/p>\n<p> <strong>20 M\u0130LYON EURO TALEB\u0130<\/strong><\/p>\n<p> Brezilya kul\u00fcb\u00fcn\u00fcn, Yuri Alberto i\u00e7in gelecek m\u00fcmk\u00fcn tekliflerde yakla\u015f\u0131k 20 milyon euro bonservis bedeli talep etmeyi planlad\u0131\u011f\u0131 kaydedildi.<\/p>\n<p> <strong>PERFORMANSI<\/strong><\/p>\n<p> Bu d\u00f6nem Corinthians formas\u0131yla 4 ma\u00e7a \u00e7\u0131kan Yuri Alberto, 2 gol kaydetti.<\/p>\n<p> \u00a0<\/p>\n<\/div>\n","protected":false},"excerpt":{"rendered":"<p>Fenerbah\u00e7e, Corinthians formas\u0131 giyen 24 ya\u015f\u0131ndaki santrfor Yuri Alberto&#8217;yu transfer listesine ald\u0131.<\/p>\n","protected":false},"author":1,"featured_media":53582,"comment_status":"open","ping_status":"open","sticky":false,"template":"","format":"standard","meta":{"footnotes":""},"categories":[25],"tags":[3933],"class_list":["post-53581","post","type-post","status-publish","format-standard","has-post-thumbnail","hentry","category-futbol","tag-yuri-alberto"],"_links":{"self":[{"href":"https:\/\/haberbesiktas.tr\/index.php?rest_route=\/wp\/v2\/posts\/53581","targetHints":{"allow":["GET"]}}],"collection":[{"href":"https:\/\/haberbesiktas.tr\/index.php?rest_route=\/wp\/v2\/posts"}],"about":[{"href":"https:\/\/haberbesiktas.tr\/index.php?rest_route=\/wp\/v2\/types\/post"}],"author":[{"embeddable":true,"href":"https:\/\/haberbesiktas.tr\/index.php?rest_route=\/wp\/v2\/users\/1"}],"replies":[{"embeddable":true,"href":"https:\/\/haberbesiktas.tr\/index.php?rest_route=%2Fwp%2Fv2%2Fcomments&post=53581"}],"version-history":[{"count":1,"href":"https:\/\/haberbesiktas.tr\/index.php?rest_route=\/wp\/v2\/posts\/53581\/revisions"}],"predecessor-version":[{"id":53583,"href":"https:\/\/haberbesiktas.tr\/index.php?rest_route=\/wp\/v2\/posts\/53581\/revisions\/53583"}],"wp:featuredmedia":[{"embeddable":true,"href":"https:\/\/haberbesiktas.tr\/index.php?rest_route=\/wp\/v2\/media\/53582"}],"wp:attachment":[{"href":"https:\/\/haberbesiktas.tr\/index.php?rest_route=%2Fwp%2Fv2%2Fmedia&parent=53581"}],"wp:term":[{"taxonomy":"category","embeddable":true,"href":"https:\/\/haberbesiktas.tr\/index.php?rest_route=%2Fwp%2Fv2%2Fcategories&post=53581"},{"taxonomy":"post_tag","embeddable":true,"href":"https:\/\/haberbesiktas.tr\/index.php?rest_route=%2Fwp%2Fv2%2Ftags&post=53581"}],"curies":[{"name":"wp","href":"https:\/\/api.w.org\/{rel}","templated":true}]}}