{"id":53624,"date":"2026-01-27T12:12:06","date_gmt":"2026-01-27T12:12:06","guid":{"rendered":"https:\/\/haberbesiktas.tr\/?p=53624"},"modified":"2026-01-27T12:12:06","modified_gmt":"2026-01-27T12:12:06","slug":"attila-szalai-polonyaya-gitti","status":"publish","type":"post","link":"https:\/\/haberbesiktas.tr\/?p=53624","title":{"rendered":"Attila Szalai, Polonya&#8217;ya gitti"},"content":{"rendered":"<div>Kas\u0131mpa\u015fa, yaz transfer devrinde Hoffenheim&#8217;dan kiral\u0131k olarak tak\u0131m\u0131na katt\u0131\u011f\u0131 Attila Szalai ile yollar\u0131n\u0131 ay\u0131rd\u0131.<\/p>\n<p> \u0130stanbul tak\u0131m\u0131, Macar savunma oyuncusunun kiral\u0131k kontrat\u0131n\u0131 feshetti.<\/p>\n<p> Szalai, bu karar\u0131n akabinde bonservisinin bulundu\u011fu Hoffeheim&#8217;a d\u00f6nd\u00fc. Lakin Alman tak\u0131m\u0131nda tekrar kalmad\u0131!<\/p>\n<p> Polonya tak\u0131mlar\u0131ndan Pogon Szczecin 28 ya\u015f\u0131ndaki futbolcuyu d\u00f6nem sonuna kadar kiral\u0131k olarak tak\u0131m\u0131na katt\u0131.<\/p>\n<p> Kas\u0131mpa\u015fa&#8217;da bu d\u00f6nem 15 ma\u00e7ta m\u00fchlet bulan Szalai, 1 asist yapt\u0131.<\/p>\n<\/div>\n","protected":false},"excerpt":{"rendered":"<p>Kas\u0131mpa\u015fa&#8217;n\u0131n kiral\u0131k kontrat\u0131n\u0131 feshetti\u011fi Attila Szalai, bonservisinin bulundu\u011fu Hoffeheim&#8217;a geri d\u00f6nd\u00fc. Szalai, daha sonra Polonya&#8217;dan Pogon Szczecin ile alt\u0131 ayl\u0131k kiral\u0131k kontrat imzalad\u0131.<\/p>\n","protected":false},"author":1,"featured_media":53625,"comment_status":"open","ping_status":"open","sticky":false,"template":"","format":"standard","meta":{"footnotes":""},"categories":[25],"tags":[],"class_list":["post-53624","post","type-post","status-publish","format-standard","has-post-thumbnail","hentry","category-futbol"],"_links":{"self":[{"href":"https:\/\/haberbesiktas.tr\/index.php?rest_route=\/wp\/v2\/posts\/53624","targetHints":{"allow":["GET"]}}],"collection":[{"href":"https:\/\/haberbesiktas.tr\/index.php?rest_route=\/wp\/v2\/posts"}],"about":[{"href":"https:\/\/haberbesiktas.tr\/index.php?rest_route=\/wp\/v2\/types\/post"}],"author":[{"embeddable":true,"href":"https:\/\/haberbesiktas.tr\/index.php?rest_route=\/wp\/v2\/users\/1"}],"replies":[{"embeddable":true,"href":"https:\/\/haberbesiktas.tr\/index.php?rest_route=%2Fwp%2Fv2%2Fcomments&post=53624"}],"version-history":[{"count":1,"href":"https:\/\/haberbesiktas.tr\/index.php?rest_route=\/wp\/v2\/posts\/53624\/revisions"}],"predecessor-version":[{"id":53626,"href":"https:\/\/haberbesiktas.tr\/index.php?rest_route=\/wp\/v2\/posts\/53624\/revisions\/53626"}],"wp:featuredmedia":[{"embeddable":true,"href":"https:\/\/haberbesiktas.tr\/index.php?rest_route=\/wp\/v2\/media\/53625"}],"wp:attachment":[{"href":"https:\/\/haberbesiktas.tr\/index.php?rest_route=%2Fwp%2Fv2%2Fmedia&parent=53624"}],"wp:term":[{"taxonomy":"category","embeddable":true,"href":"https:\/\/haberbesiktas.tr\/index.php?rest_route=%2Fwp%2Fv2%2Fcategories&post=53624"},{"taxonomy":"post_tag","embeddable":true,"href":"https:\/\/haberbesiktas.tr\/index.php?rest_route=%2Fwp%2Fv2%2Ftags&post=53624"}],"curies":[{"name":"wp","href":"https:\/\/api.w.org\/{rel}","templated":true}]}}