{"id":53627,"date":"2026-01-27T12:24:07","date_gmt":"2026-01-27T12:24:07","guid":{"rendered":"https:\/\/haberbesiktas.tr\/?p=53627"},"modified":"2026-01-27T12:24:07","modified_gmt":"2026-01-27T12:24:07","slug":"fenerbahcede-transfer-zirvesi","status":"publish","type":"post","link":"https:\/\/haberbesiktas.tr\/?p=53627","title":{"rendered":"Fenerbah\u00e7e&#8217;de transfer zirvesi!"},"content":{"rendered":"<div>\n<p>G\u00f6ztepe beraberli\u011fi sonras\u0131 ba\u015fkan Galatasaray ile puan fark\u0131n\u0131n 3&#8217;e \u00e7\u0131kmas\u0131, Fenerbah\u00e7e&#8217;de alarm zillerinin \u00e7almas\u0131na neden oldu. Kad\u0131k\u00f6y&#8217;deki ma\u00e7\u0131n akabinde Lider Sadettin Saran, y\u00f6neticiler ve Teknik Y\u00f6netici Domenico Tedesco ortas\u0131nda kritik bir transfer tepesi ger\u00e7ekle\u015ftirildi.<\/p>\n<p> Toplant\u0131n\u0131n ana g\u00fcndem unsuru santrfor transferi oldu. Yap\u0131lan de\u011ferlendirmede, bug\u00fcne kadar ilgilenilen golc\u00fclerin isimlerinin bas\u0131na yans\u0131mas\u0131n\u0131n s\u00fcreci zorla\u015ft\u0131rd\u0131\u011f\u0131 g\u00f6r\u00fc\u015f\u00fcnde birle\u015fildi. Bu tespitin akabinde sar\u0131-lacivertli idare, transfer operasyonlar\u0131n\u0131n bundan sonra mutlak kapal\u0131l\u0131kla y\u00fcr\u00fct\u00fclmesi taraf\u0131nda karar ald\u0131.<\/p>\n<p> <strong>FORVETTE SON G\u00dcNE KADAR HAMLE<\/strong> <\/p>\n<p> Yollar\u0131n ayr\u0131lmas\u0131 planlanan En-Nesyri konusunda s\u00fcrecin h\u0131zland\u0131r\u0131lmas\u0131 hedeflenirken, Fenerbah\u00e7e&#8217;nin santrfor transferi i\u00e7in transfer periyodunun son g\u00fcn\u00fcne kadar temaslar\u0131n\u0131 s\u00fcrd\u00fcrece\u011fi \u00f6\u011frenildi. \u0130dare, bu s\u00fcre\u00e7te isimlerin s\u0131zmamas\u0131 ismine dar bir tak\u0131m d\u0131\u015f\u0131nda bilgi payla\u015f\u0131m\u0131 yapmama karar\u0131 ald\u0131.\u00a0<\/p>\n<p> <strong>ORTA SAHA DESTE\u011e\u0130 DE MASADA<\/strong><\/p>\n<p> Golc\u00fc transferinin yan\u0131 s\u0131ra orta saha i\u00e7in de \u00e7al\u0131\u015fmalar\u0131n devam edece\u011fi belirtildi. Tedesco&#8217;nun raporu do\u011frultusunda alternatifli bir liste \u00fczerinde ilerleyen sar\u0131-lacivertliler, muhta\u00e7l\u0131k duyulan b\u00f6lgeler i\u00e7in f\u0131rsat kollayacak.<\/p>\n<\/div>\n","protected":false},"excerpt":{"rendered":"<p>Fenerbah\u00e7e&#8217;de G\u00f6ztepe beraberli\u011fi sonras\u0131 Lider Sadettin Saran, y\u00f6neticiler ve Domenico Tedesco, stattan \u00e7abucak ayr\u0131lmayarak transfer tepesi ger\u00e7ekle\u015ftirdi. Toplant\u0131da dikkat \u00e7eken bir karar al\u0131nd\u0131.<\/p>\n","protected":false},"author":1,"featured_media":53628,"comment_status":"open","ping_status":"open","sticky":false,"template":"","format":"standard","meta":{"footnotes":""},"categories":[25],"tags":[48],"class_list":["post-53627","post","type-post","status-publish","format-standard","has-post-thumbnail","hentry","category-futbol","tag-transfer"],"_links":{"self":[{"href":"https:\/\/haberbesiktas.tr\/index.php?rest_route=\/wp\/v2\/posts\/53627","targetHints":{"allow":["GET"]}}],"collection":[{"href":"https:\/\/haberbesiktas.tr\/index.php?rest_route=\/wp\/v2\/posts"}],"about":[{"href":"https:\/\/haberbesiktas.tr\/index.php?rest_route=\/wp\/v2\/types\/post"}],"author":[{"embeddable":true,"href":"https:\/\/haberbesiktas.tr\/index.php?rest_route=\/wp\/v2\/users\/1"}],"replies":[{"embeddable":true,"href":"https:\/\/haberbesiktas.tr\/index.php?rest_route=%2Fwp%2Fv2%2Fcomments&post=53627"}],"version-history":[{"count":1,"href":"https:\/\/haberbesiktas.tr\/index.php?rest_route=\/wp\/v2\/posts\/53627\/revisions"}],"predecessor-version":[{"id":53629,"href":"https:\/\/haberbesiktas.tr\/index.php?rest_route=\/wp\/v2\/posts\/53627\/revisions\/53629"}],"wp:featuredmedia":[{"embeddable":true,"href":"https:\/\/haberbesiktas.tr\/index.php?rest_route=\/wp\/v2\/media\/53628"}],"wp:attachment":[{"href":"https:\/\/haberbesiktas.tr\/index.php?rest_route=%2Fwp%2Fv2%2Fmedia&parent=53627"}],"wp:term":[{"taxonomy":"category","embeddable":true,"href":"https:\/\/haberbesiktas.tr\/index.php?rest_route=%2Fwp%2Fv2%2Fcategories&post=53627"},{"taxonomy":"post_tag","embeddable":true,"href":"https:\/\/haberbesiktas.tr\/index.php?rest_route=%2Fwp%2Fv2%2Ftags&post=53627"}],"curies":[{"name":"wp","href":"https:\/\/api.w.org\/{rel}","templated":true}]}}