{"id":53630,"date":"2026-01-27T12:36:06","date_gmt":"2026-01-27T12:36:06","guid":{"rendered":"https:\/\/haberbesiktas.tr\/?p=53630"},"modified":"2026-01-27T12:36:06","modified_gmt":"2026-01-27T12:36:06","slug":"fenerbahcede-forvet-icin-yeni-hedef-ange-yoan-bonny","status":"publish","type":"post","link":"https:\/\/haberbesiktas.tr\/?p=53630","title":{"rendered":"Fenerbah\u00e7e&#8217;de forvet i\u00e7in yeni hedef: Ange Yoan Bonny"},"content":{"rendered":"<div>\n<p>G\u00f6ztepe ma\u00e7\u0131nda y\u00fczde 82&#8217;lik topa sahip olma oran\u0131na kar\u015f\u0131n gol bulamayan Fenerbah\u00e7e&#8217;de, hamle \u00e7izgisi i\u00e7in transfer \u00e7al\u0131\u015fmalar\u0131 s\u00fcrat kazand\u0131. Lider Sadettin Saran&#8217;\u0131n talimat\u0131yla toplanan transfer komitesi, 6 \u015eubat&#8217;ta sona erecek orta transfer periyodunun rotas\u0131n\u0131 belirledi.<\/p>\n<p> Teknik y\u00f6netici Domenico Tedesco&#8217;nun <strong>&#8220;bir santrfor bak\u0131yoruz&#8221;<\/strong> a\u00e7\u0131klamas\u0131 do\u011frultusunda \u00e7al\u0131\u015fmalar\u0131n\u0131 s\u00fcrd\u00fcren sar\u0131-lacivertlilerde, forvet transferinde <strong>Ange-Yoan Bonny<\/strong> ismi \u00f6ne \u00e7\u0131kt\u0131.<\/p>\n<p> Daha evvel Randal Kolo Muani i\u00e7in te\u015febb\u00fcslerde bulunan Fenerbah\u00e7e, Tottenham&#8217;\u0131n Frans\u0131z golc\u00fcy\u00fc b\u0131rakmaya yana\u015fmamas\u0131 \u00fczerine rotas\u0131n\u0131 de\u011fi\u015ftirdi.\u00a0<\/p>\n<p><strong>SATIN ALMA OPS\u0130YONLU K\u0130RALAMA<\/strong><\/p>\n<p> Edinilen bilgilere nazaran Fenerbah\u00e7e, Inter formas\u0131 giyen Ange-Yoan Bonny&#8217;yi sat\u0131n alma opsiyonuyla kiralamak i\u00e7in te\u015febb\u00fcslere haz\u0131rlan\u0131yor.<\/p>\n<p><strong>PERFORMANSI<\/strong><\/p>\n<p>Bu d\u00f6nem Inter formas\u0131yla 26 ma\u00e7a \u00e7\u0131kan Bonny, 6 gol 5 asistlik performans sergiledi.<\/p>\n<\/div>\n","protected":false},"excerpt":{"rendered":"<p>Forvet \u00e7izgisi i\u00e7in \u00e7al\u0131\u015fmalar\u0131n\u0131 s\u00fcrd\u00fcren Fenerbah\u00e7e, Inter formas\u0131 giyen Ange Yoan Bonny&#8217;yi transfer listesine ekledi.<\/p>\n","protected":false},"author":1,"featured_media":53631,"comment_status":"open","ping_status":"open","sticky":false,"template":"","format":"standard","meta":{"footnotes":""},"categories":[25],"tags":[],"class_list":["post-53630","post","type-post","status-publish","format-standard","has-post-thumbnail","hentry","category-futbol"],"_links":{"self":[{"href":"https:\/\/haberbesiktas.tr\/index.php?rest_route=\/wp\/v2\/posts\/53630","targetHints":{"allow":["GET"]}}],"collection":[{"href":"https:\/\/haberbesiktas.tr\/index.php?rest_route=\/wp\/v2\/posts"}],"about":[{"href":"https:\/\/haberbesiktas.tr\/index.php?rest_route=\/wp\/v2\/types\/post"}],"author":[{"embeddable":true,"href":"https:\/\/haberbesiktas.tr\/index.php?rest_route=\/wp\/v2\/users\/1"}],"replies":[{"embeddable":true,"href":"https:\/\/haberbesiktas.tr\/index.php?rest_route=%2Fwp%2Fv2%2Fcomments&post=53630"}],"version-history":[{"count":1,"href":"https:\/\/haberbesiktas.tr\/index.php?rest_route=\/wp\/v2\/posts\/53630\/revisions"}],"predecessor-version":[{"id":53632,"href":"https:\/\/haberbesiktas.tr\/index.php?rest_route=\/wp\/v2\/posts\/53630\/revisions\/53632"}],"wp:featuredmedia":[{"embeddable":true,"href":"https:\/\/haberbesiktas.tr\/index.php?rest_route=\/wp\/v2\/media\/53631"}],"wp:attachment":[{"href":"https:\/\/haberbesiktas.tr\/index.php?rest_route=%2Fwp%2Fv2%2Fmedia&parent=53630"}],"wp:term":[{"taxonomy":"category","embeddable":true,"href":"https:\/\/haberbesiktas.tr\/index.php?rest_route=%2Fwp%2Fv2%2Fcategories&post=53630"},{"taxonomy":"post_tag","embeddable":true,"href":"https:\/\/haberbesiktas.tr\/index.php?rest_route=%2Fwp%2Fv2%2Ftags&post=53630"}],"curies":[{"name":"wp","href":"https:\/\/api.w.org\/{rel}","templated":true}]}}